{"id":5065,"date":"2021-05-20T19:03:01","date_gmt":"2021-05-20T19:03:01","guid":{"rendered":"http:\/\/www.radiolimari.cl\/?p=5065"},"modified":"2021-05-20T19:03:01","modified_gmt":"2021-05-20T19:03:01","slug":"ovalle-ha-tenido-una-exitosa-campana-de-reciclaje-de-vidrio-y-botellas-de-plastico","status":"publish","type":"post","link":"https:\/\/www.radiolimari.cl\/?p=5065","title":{"rendered":"Ovalle ha tenido una exitosa campa\u00f1a de reciclaje de vidrio y botellas de pl\u00e1stico"},"content":{"rendered":"<p><a href=\"https:\/\/www.radiolimari.cl\/wp-content\/uploads\/2021\/05\/20.5-Reciclaje-de-vidrio-Ovalle.jpg\"><img fetchpriority=\"high\" decoding=\"async\" class=\"alignnone size-medium wp-image-5067\" src=\"https:\/\/www.radiolimari.cl\/wp-content\/uploads\/2021\/05\/20.5-Reciclaje-de-vidrio-Ovalle-300x225.jpg\" alt=\"20.5 Reciclaje de vidrio Ovalle\" width=\"300\" height=\"225\" srcset=\"https:\/\/www.radiolimari.cl\/wp-content\/uploads\/2021\/05\/20.5-Reciclaje-de-vidrio-Ovalle-300x225.jpg 300w, https:\/\/www.radiolimari.cl\/wp-content\/uploads\/2021\/05\/20.5-Reciclaje-de-vidrio-Ovalle-1024x768.jpg 1024w\" sizes=\"(max-width: 300px) 100vw, 300px\" \/><\/a><\/p>\n<p><strong><em>El municipio de Ovalle, a trav\u00e9s del departamento de Medio Ambiente, dio a conocer las cifras alcanzadas durante el 2020. <\/em><\/strong><!--more--><\/p>\n<p>Ovalle se ha destacado a nivel regional en materia de reciclaje. Exitosas han sido las campa\u00f1as que ha realizado el municipio de Ovalle enfocadas en la reutilizaci\u00f3n de vidrio y pl\u00e1stico, las cuales han contado con el apoyo de las familias ovallinas, quienes se han concientizado con la reutilizaci\u00f3n de algunos materiales. Estos datos se reflejan en las cifras obtenidas durante el 2020, que fueron entregadas por el departamento de Medio Ambiente del municipio local.<\/p>\n<p>En el caso del vidrio se reciclaron 197, 2 toneladas, las cuales fueron entregadas a Coaniquem. Su importancia radica porque el municipio local recolecta este material y luego es entregado para su posterior comercializaci\u00f3n y los recursos obtenidos van en directa ayuda de ni\u00f1os y ni\u00f1as afectados por quemaduras, que se encuentran en tratamiento y en procesos de rehabilitaci\u00f3n en los centros m\u00e9dicos de la organizaci\u00f3n. Se trata de un trabajo conjunto entre el municipio de Ovalle, Cristaler\u00edas Chile y Coaniquem que permitieron la instalaci\u00f3n de 30 campanas, donde las familias pueden depositar elementos de vidrio.<\/p>\n<p>Si nos referimos a las botellas de pl\u00e1sticos (PET) en la comuna existen 100 puntos, principalmente en plazas y plazoletas, donde las personas pueden dejar este material, acci\u00f3n que permite proteger el medio ambiente y evitar que este tipo de elementos llegue a los vertederos o a sitios eriazos. Durante el 2020 se logr\u00f3 reciclar 40,6 toneladas, gracias al aporte de la comunidad local y el trabajo que desarrollan los recicladores de base de la Agrupaci\u00f3n Limar\u00ed Recicla.<\/p>\n<p>Al respecto, el encargado del departamento de Medio Ambiente del municipio de Ovalle, Eduardo Pizarro, indic\u00f3 que \u201ccomo municipio estamos muy contentos, dado a que estas cifras dan cuenta de que la comunidad ovallina est\u00e1 empoderada en el reciclaje y m\u00e1s a\u00fan, que el aumento en los tonelajes a\u00f1o a a\u00f1o desde el 2018, nos indican que son m\u00e1s los ovallinos que se suman al programa de reciclaje municipal\u201d.<\/p>\n<p>En este sentido, el alcalde de Ovalle, Claudio Renter\u00eda afirm\u00f3 que en la administraci\u00f3n comunal \u201cse hizo un compromiso con el cuidado del medio ambiente y el reciclaje es una de las medidas m\u00e1s importantes y valoradas, m\u00e1s a\u00fan si por esta acci\u00f3n, en el caso del vidrio, se contribuye con tratamientos m\u00e9dicos y procesos de rehabilitaci\u00f3n de ni\u00f1os y ni\u00f1os, que han sufrido quemaduras y que se atienden en los centros de Coaniquem. Agradecemos a la comunidad por su apoyo y estamos contentos porque en general las familias ovallinas se han concientizado con este tema y es com\u00fan ver a adultos y ni\u00f1os depositando estos materiales en los puntos de acopio\u201d.<\/p>\n<p>Actualmente, la comuna cuenta con 100 puntos verdes para la recepci\u00f3n de envases de polietileno o botellas pl\u00e1sticas (pet), 35 puntos verdes para la recepci\u00f3n de envases de vidrio y amplio Punto Limpio que recibe, de lunes a viernes de 9.00 a 19.00 horas, cart\u00f3n corrugado, papel blanco y color, diarios, libros y revistas, envases de pl\u00e1stico pet, envases de pl\u00e1stico de alta densidad, como los envases de shampoo, jab\u00f3n, detergente, entre otros y latas de aluminio y envases de hojalata.<\/p>\n<p>&nbsp;<\/p>\n<p>&nbsp;<\/p>\n","protected":false},"excerpt":{"rendered":"<p>El municipio de Ovalle, a trav\u00e9s del departamento de Medio Ambiente, dio a conocer las cifras alcanzadas durante el 2020.<\/p>\n","protected":false},"author":2,"featured_media":5067,"comment_status":"open","ping_status":"open","sticky":false,"template":"","format":"standard","meta":{"footnotes":""},"categories":[5],"tags":[],"class_list":["post-5065","post","type-post","status-publish","format-standard","has-post-thumbnail","hentry","category-actualidad-limarina"],"_links":{"self":[{"href":"https:\/\/www.radiolimari.cl\/index.php?rest_route=\/wp\/v2\/posts\/5065","targetHints":{"allow":["GET"]}}],"collection":[{"href":"https:\/\/www.radiolimari.cl\/index.php?rest_route=\/wp\/v2\/posts"}],"about":[{"href":"https:\/\/www.radiolimari.cl\/index.php?rest_route=\/wp\/v2\/types\/post"}],"author":[{"embeddable":true,"href":"https:\/\/www.radiolimari.cl\/index.php?rest_route=\/wp\/v2\/users\/2"}],"replies":[{"embeddable":true,"href":"https:\/\/www.radiolimari.cl\/index.php?rest_route=%2Fwp%2Fv2%2Fcomments&post=5065"}],"version-history":[{"count":1,"href":"https:\/\/www.radiolimari.cl\/index.php?rest_route=\/wp\/v2\/posts\/5065\/revisions"}],"predecessor-version":[{"id":5068,"href":"https:\/\/www.radiolimari.cl\/index.php?rest_route=\/wp\/v2\/posts\/5065\/revisions\/5068"}],"wp:featuredmedia":[{"embeddable":true,"href":"https:\/\/www.radiolimari.cl\/index.php?rest_route=\/wp\/v2\/media\/5067"}],"wp:attachment":[{"href":"https:\/\/www.radiolimari.cl\/index.php?rest_route=%2Fwp%2Fv2%2Fmedia&parent=5065"}],"wp:term":[{"taxonomy":"category","embeddable":true,"href":"https:\/\/www.radiolimari.cl\/index.php?rest_route=%2Fwp%2Fv2%2Fcategories&post=5065"},{"taxonomy":"post_tag","embeddable":true,"href":"https:\/\/www.radiolimari.cl\/index.php?rest_route=%2Fwp%2Fv2%2Ftags&post=5065"}],"curies":[{"name":"wp","href":"https:\/\/api.w.org\/{rel}","templated":true}]}}