{"id":5044,"date":"2021-05-11T19:15:33","date_gmt":"2021-05-11T19:15:33","guid":{"rendered":"http:\/\/www.radiolimari.cl\/?p=5044"},"modified":"2021-05-11T19:15:33","modified_gmt":"2021-05-11T19:15:33","slug":"este-viernes-se-emite-primer-festival-online-femenino-del-limari-poderosas-fest","status":"publish","type":"post","link":"https:\/\/www.radiolimari.cl\/?p=5044","title":{"rendered":"Este viernes se emite primer festival online femenino del Limar\u00ed \u00abPoderosas Fest\u00bb"},"content":{"rendered":"<p><a href=\"https:\/\/www.radiolimari.cl\/wp-content\/uploads\/2021\/05\/11.5-poderosas-fest.jpg\"><img fetchpriority=\"high\" decoding=\"async\" class=\"alignnone size-medium wp-image-5045\" src=\"https:\/\/www.radiolimari.cl\/wp-content\/uploads\/2021\/05\/11.5-poderosas-fest-300x300.jpg\" alt=\"11.5 poderosas fest\" width=\"300\" height=\"300\" srcset=\"https:\/\/www.radiolimari.cl\/wp-content\/uploads\/2021\/05\/11.5-poderosas-fest-300x300.jpg 300w, https:\/\/www.radiolimari.cl\/wp-content\/uploads\/2021\/05\/11.5-poderosas-fest-150x150.jpg 150w, https:\/\/www.radiolimari.cl\/wp-content\/uploads\/2021\/05\/11.5-poderosas-fest-1024x1024.jpg 1024w, https:\/\/www.radiolimari.cl\/wp-content\/uploads\/2021\/05\/11.5-poderosas-fest-70x70.jpg 70w\" sizes=\"(max-width: 300px) 100vw, 300px\" \/><\/a><\/p>\n<p style=\"font-weight: 400;\"><strong>Este viernes 14 de mayo, un total de 9 de creadoras musicales de la Provincia del Limar\u00ed se dar\u00e1n cita en este evento digital.<\/strong><\/p>\n<p style=\"font-weight: 400;\"><!--more--><\/p>\n<p style=\"font-weight: 400;\">Este viernes, 14 de mayo, a partir de las 19:00 horas se llevar\u00e1 a cabo el streaming del concierto \u00abPoderosas Fest\u00bb, instancia busca relevar el quehacer musical de mujeres creadoras del Limar\u00ed en diferentes estilos musicales. El grupo de artistas que mostrar\u00e1n todo su talento en\u00a0 pantalla est\u00e1 compuesto por Pae, Fernanda Ravanal, Natya, Krink, Ladysonson, Caroflocz, Less, Melania Tekt\u00f3nica y NegraPaz.<\/p>\n<p style=\"font-weight: 400;\">Natya nace como proyecto musical en el a\u00f1o 2015. Actualmente est\u00e1 trabajando en un EP en el que busca plasmar sus principales tem\u00e1ticas: \u00abEs d\u00edficil ser mujer en Latinoam\u00e9rica; es mucho m\u00e1s d\u00edficil ser mujer morena, latinoamericana, artista. Esto se trata de resistir desde la ternura y el arte contra este sistema tan mecanizador\u00bb. Por su parte, Krink es una cantante de 17 a\u00f1os, compositora de canciones\u00a0 con temas como el amor, los cambios hist\u00f3ricos de nuestro pa\u00eds y sus\u00a0 reivindicaciones sociales. Destaca por una intensiva experiencia de 3 a\u00f1os en escenarios presenciales y virtuales de la Provincia del Limar\u00ed.<\/p>\n<p style=\"font-weight: 400;\">Fernanda Ravanal transita en un estilo pop folk, cuyas principales influencias abarcan desde Violeta Parra hasta Natalia Lafourcade.\u00a0 Su historia como solista comenz\u00f3 el 2016 luego de ser parte de diversas bandas y agrupaciones. Su primer disco \u00abAlma marina\u00bb se encuentra en plena producci\u00f3n. Junto a ella, tambi\u00e9n se presentar\u00e1 Pae, quien tambi\u00e9n comenz\u00f3 su carrera solista cantautoral en 2016, quien ha paseado su sonido por escenarios online como el del pasado festival Limar\u00ed Rock, adem\u00e1s del festival Ovalle Cultura y el Festival ARC. Actualmente trabaja en su primer LP, titulado \u00abMonoton\u00eda\u00bb que incluye 8 canciones, de los cuales ha adelantado los singles \u00abTodo de ti\u00bb y \u00abCu\u00e9ntame\u00bb.<\/p>\n<p style=\"font-weight: 400;\">Las hermanas Ladysonson y Caroflocz, o seg\u00fan sus nombres civiles, Alyson y Carolina, fueron parte del colectivo FeminActitud, que desde 2013 ha generado un creciente acopio de creaciones en estilos como el hip hop, el dancehall y \u00faltimamente algunas mezclas con trap. Cada una de ellas con una activa creaci\u00f3n l\u00edrica y musical, que hoy vuelve a reunirse a pesar de encontrarse ambas en diferentes ciudades, y que tiene en el nuevo single \u00abSin miedo\u00bb, un testimonio de su sororidad y sociedad creativa.<\/p>\n<p style=\"font-weight: 400;\">Less inicia el a\u00f1o 2017 con el objetivo de integrar distintos estilos musicales. Su primer disco lleva por nombre \u00abRe-Verso\u00bb. Las composiciones de Lesly Carvajal o Less\u00a0 ponen en primer lugar su dulce voz, junto a las sinuosas l\u00edneas de bajo de V\u00edctor Alban\u00e9s y los arreglos de saxof\u00f3n Sebastian Jara. Hoy est\u00e1 trabajando en su disco como Less, mientras tambi\u00e9n genera material en el proyecto Tricom.En vereda paralela, Negra Paz comienza en 2008 con creaciones bajo el estilo rap, creando letras enfocadas en el crecimiento personal y aprendizaje continuo. \u00abMujer, mam\u00e1, amiga, hija, educadora y artista. Aferrada al constante despertar personal y crecimiento constante, enfocada en el equilibrio mental y f\u00edsico dentro de esta pandemia que me ha permitido estar en casa trabajando desde ah\u00ed y a la vez cuidando de mi y los m\u00edos\u00bb.<\/p>\n<p style=\"font-weight: 400;\">Melania Tekt\u00f3nica y su\u00a0m\u00fasica emergen con la fuerza de sus ancestras de Wallmapu, R\u00edo Hurtado y Palestina. Su viaje sonoro busca reconectar con la voz trans-generacional fragmentada entre bombas, valles, \u00e9xodos y volcanes.\u00a0Desde el 2014 comienza a potenciar la poes\u00eda, el canto y la guitarra del mismo \u00e1rbol que busca transmutar a sonidos electr\u00f3nicos\u00a0 y paisajes sonoros.<\/p>\n<p style=\"font-weight: 400;\">El streaming se generar\u00e1 en las redes del multimedia Nortevisi\u00f3n y ser\u00e1 retransmitido a trav\u00e9s de Facebook Live por Indieproject y Limar\u00ed Rock, el viernes 14 de mayo, a partir de las 19:00 horas.<\/p>\n<p style=\"font-weight: 400;\"><a href=\"http:\/\/www.nortevisiontv.cl\/\" data-saferedirecturl=\"https:\/\/www.google.com\/url?q=http:\/\/www.nortevisiontv.cl&amp;source=gmail&amp;ust=1620846770382000&amp;usg=AFQjCNH-8kzg7mqtXXJwW0puSpTDEjCg0w\">www.nortevisiontv.cl<\/a><\/p>\n<p style=\"font-weight: 400;\"><a href=\"http:\/\/www.facebook.com\/nortevisiontv\" data-saferedirecturl=\"https:\/\/www.google.com\/url?q=http:\/\/www.facebook.com\/nortevisiontv&amp;source=gmail&amp;ust=1620846770382000&amp;usg=AFQjCNFphylpA1i-KKF51offVKq6QZZdaA\">www.facebook.com\/nortevisiontv<\/a><\/p>\n<p style=\"font-weight: 400;\"><a href=\"http:\/\/www.facebook.com\/indieprojectcoquimbo\" data-saferedirecturl=\"https:\/\/www.google.com\/url?q=http:\/\/www.facebook.com\/indieprojectcoquimbo&amp;source=gmail&amp;ust=1620846770382000&amp;usg=AFQjCNGbhXnmZ8wMAEI-OJGDc3k92nxcZA\">www.facebook.com\/indieprojectcoquimbo<\/a><\/p>\n<p style=\"font-weight: 400;\"><a href=\"http:\/\/www.facebook.com\/limarirock\" data-saferedirecturl=\"https:\/\/www.google.com\/url?q=http:\/\/www.facebook.com\/limarirock&amp;source=gmail&amp;ust=1620846770382000&amp;usg=AFQjCNFgMeRzhdXTZLVLLGCLn3F47H6ExA\">www.facebook.com\/limarirock<\/a><\/p>\n<p style=\"font-weight: 400;\">\n","protected":false},"excerpt":{"rendered":"<p>Este viernes 14 de mayo, un total de 9 de creadoras musicales de la Provincia del Limar\u00ed se dar\u00e1n cita en este evento digital.<\/p>\n","protected":false},"author":2,"featured_media":5045,"comment_status":"open","ping_status":"open","sticky":false,"template":"","format":"standard","meta":{"footnotes":""},"categories":[3],"tags":[],"class_list":["post-5044","post","type-post","status-publish","format-standard","has-post-thumbnail","hentry","category-actualidad"],"_links":{"self":[{"href":"https:\/\/www.radiolimari.cl\/index.php?rest_route=\/wp\/v2\/posts\/5044","targetHints":{"allow":["GET"]}}],"collection":[{"href":"https:\/\/www.radiolimari.cl\/index.php?rest_route=\/wp\/v2\/posts"}],"about":[{"href":"https:\/\/www.radiolimari.cl\/index.php?rest_route=\/wp\/v2\/types\/post"}],"author":[{"embeddable":true,"href":"https:\/\/www.radiolimari.cl\/index.php?rest_route=\/wp\/v2\/users\/2"}],"replies":[{"embeddable":true,"href":"https:\/\/www.radiolimari.cl\/index.php?rest_route=%2Fwp%2Fv2%2Fcomments&post=5044"}],"version-history":[{"count":1,"href":"https:\/\/www.radiolimari.cl\/index.php?rest_route=\/wp\/v2\/posts\/5044\/revisions"}],"predecessor-version":[{"id":5046,"href":"https:\/\/www.radiolimari.cl\/index.php?rest_route=\/wp\/v2\/posts\/5044\/revisions\/5046"}],"wp:featuredmedia":[{"embeddable":true,"href":"https:\/\/www.radiolimari.cl\/index.php?rest_route=\/wp\/v2\/media\/5045"}],"wp:attachment":[{"href":"https:\/\/www.radiolimari.cl\/index.php?rest_route=%2Fwp%2Fv2%2Fmedia&parent=5044"}],"wp:term":[{"taxonomy":"category","embeddable":true,"href":"https:\/\/www.radiolimari.cl\/index.php?rest_route=%2Fwp%2Fv2%2Fcategories&post=5044"},{"taxonomy":"post_tag","embeddable":true,"href":"https:\/\/www.radiolimari.cl\/index.php?rest_route=%2Fwp%2Fv2%2Ftags&post=5044"}],"curies":[{"name":"wp","href":"https:\/\/api.w.org\/{rel}","templated":true}]}}