{"id":5038,"date":"2021-05-11T17:45:55","date_gmt":"2021-05-11T17:45:55","guid":{"rendered":"http:\/\/www.radiolimari.cl\/?p=5038"},"modified":"2021-05-11T17:45:55","modified_gmt":"2021-05-11T17:45:55","slug":"en-ovalle-polideportivo-angel-marentis-rallin-inicia-marcha-blanca-con-clases-presenciales","status":"publish","type":"post","link":"https:\/\/www.radiolimari.cl\/?p=5038","title":{"rendered":"En Ovalle, Polideportivo \u00c1ngel Marentis Rall\u00edn inicia \u201cmarcha blanca\u201d con clases presenciales"},"content":{"rendered":"<p><a href=\"https:\/\/www.radiolimari.cl\/wp-content\/uploads\/2021\/05\/11.5-Clases-de-Yoga-Cendyr-Municipal.png\"><img fetchpriority=\"high\" decoding=\"async\" class=\"alignnone size-medium wp-image-5039\" src=\"https:\/\/www.radiolimari.cl\/wp-content\/uploads\/2021\/05\/11.5-Clases-de-Yoga-Cendyr-Municipal-300x168.png\" alt=\"11.5 Clases de Yoga Cendyr Municipal\" width=\"300\" height=\"168\" srcset=\"https:\/\/www.radiolimari.cl\/wp-content\/uploads\/2021\/05\/11.5-Clases-de-Yoga-Cendyr-Municipal-300x168.png 300w, https:\/\/www.radiolimari.cl\/wp-content\/uploads\/2021\/05\/11.5-Clases-de-Yoga-Cendyr-Municipal-1024x576.png 1024w, https:\/\/www.radiolimari.cl\/wp-content\/uploads\/2021\/05\/11.5-Clases-de-Yoga-Cendyr-Municipal.png 1920w\" sizes=\"(max-width: 300px) 100vw, 300px\" \/><\/a><\/p>\n<p><strong><em>Los integrantes del recinto deportivo municipal impartir\u00e1n clases de martes a viernes, entre las 9.00 y las 11.30 horas, en sus dependencias exteriores, para garantizar el distanciamiento social y con aforos m\u00e1ximos de 10 personas. <\/em><\/strong><!--more--><\/p>\n<p>El deporte es una de las actividades m\u00e1s importantes para nuestra salud y que lamentablemente ha sido una de las m\u00e1s afectadas por la pandemia. Es por esta raz\u00f3n, que el Polideportivo \u00c1ngel Marentis Rall\u00edn y el Cendyr Municipal iniciaron un proceso de \u201cmarcha blanca\u201d de clases presenciales tomando todos los resguardos y cumpliendo las medidas sanitarias exigidas, para prevenir contagios por Covid-19.<\/p>\n<p>Esta medida, que se inici\u00f3 este martes 11 de mayo, se implement\u00f3 con el fin de ir retomando, paulatinamente, los entrenamientos y clases que se impart\u00edan en el recinto deportivo, pero esta vez en las dependencias externas, con el fin de garantizar un adecuado distanciamiento social en \u00e1reas altamente ventiladas y con un m\u00e1ximo de 10 personas por clase, previa inscripci\u00f3n.<\/p>\n<p>Los interesados en participar deben comunicarse al tel\u00e9fono +569 68494299 e inscribirse. El horario de atenci\u00f3n para cupos ser\u00e1 de 9.00 a 17.00 horas los d\u00edas lunes y de martes a viernes de 9.00 a 13.00 horas.<\/p>\n<p>En la multicancha exterior, los martes se impartir\u00e1n clases de Fight Do (9.00 a 10.00 horas) y Acondicionamiento F\u00edsico (10.30 a 11.30 horas). Los mi\u00e9rcoles se realizar\u00e1 la clase de Full Body (9.00 a 10.00 horas), los jueves de Fight Do (9.00 a 10.00 horas) y de GAP de (10.30 a 11.30 horas). Finalmente, los viernes se desarrollar\u00e1n las clases de Full Abdomen (9.00 a 10.00 horas) y de Acondicionamiento F\u00edsico (10.30 a 11.30 horas).<\/p>\n<p>En el \u00e1rea de Calistenia se impartir\u00e1n los martes, las clases de Zumba (9.00 a 9.45 horas) y Ubound (10.00 a 10:45 horas). En tanto, los mi\u00e9rcoles ser\u00e1 el turno de H.I.I.T (9.00 a 9.45 horas) y de TRX (10.00 a 10.45 horas) y los jueves de Zumba (9.00 a 9.45 horas) y Full Body (10.00 a 10.45 horas). Para finalizar la semana, los d\u00edas viernes se realizar\u00e1n clases de H.I.P.T (9.00 a 9.45 horas) y de Ubound (10.00 a 10.45 horas).<\/p>\n<p>En tanto, en el Cendyr Municipal se realizar\u00e1n clases de Yoga los d\u00edas martes y jueves de 9.00 a 10.00 de la ma\u00f1ana, en el sector de la Piscina Municipal y la personas podr\u00e1n inscribirse en el tel\u00e9fono 53 2 621166.<\/p>\n<p>Al respecto, Cristi\u00e1n Rodr\u00edguez, encargado de los recintos deportivos municipales, indic\u00f3 que se trata de \u201cun proceso de marcha blanca, porque queremos ver c\u00f3mo funciona. Estamos en Fase 2 y por eso le pedimos la comprensi\u00f3n a nuestros usuarios, porque vamos a tener que realizar clases con un m\u00e1ximo de 10 personas para respetar los aforos permitidos, pero, paulatinamente iremos aumentando, de acuerdo al avance que tenga nuestra comuna en el plan Paso a Paso\u201d. Con esta determinaci\u00f3n \u201cse busca impulsar la actividad f\u00edsica y contribuir en la salud mental de nuestros usuarios\u201d agreg\u00f3 Rodr\u00edguez.<\/p>\n<p>&nbsp;<\/p>\n","protected":false},"excerpt":{"rendered":"<p>Los integrantes del recinto deportivo municipal impartir\u00e1n clases de martes a viernes, entre las 9.00 y las 11.30 horas, en sus dependencias exteriores, para garantizar el distanciamiento social y con aforos m\u00e1ximos de 10 personas.<\/p>\n","protected":false},"author":2,"featured_media":5039,"comment_status":"open","ping_status":"open","sticky":false,"template":"","format":"standard","meta":{"footnotes":""},"categories":[5],"tags":[],"class_list":["post-5038","post","type-post","status-publish","format-standard","has-post-thumbnail","hentry","category-actualidad-limarina"],"_links":{"self":[{"href":"https:\/\/www.radiolimari.cl\/index.php?rest_route=\/wp\/v2\/posts\/5038","targetHints":{"allow":["GET"]}}],"collection":[{"href":"https:\/\/www.radiolimari.cl\/index.php?rest_route=\/wp\/v2\/posts"}],"about":[{"href":"https:\/\/www.radiolimari.cl\/index.php?rest_route=\/wp\/v2\/types\/post"}],"author":[{"embeddable":true,"href":"https:\/\/www.radiolimari.cl\/index.php?rest_route=\/wp\/v2\/users\/2"}],"replies":[{"embeddable":true,"href":"https:\/\/www.radiolimari.cl\/index.php?rest_route=%2Fwp%2Fv2%2Fcomments&post=5038"}],"version-history":[{"count":1,"href":"https:\/\/www.radiolimari.cl\/index.php?rest_route=\/wp\/v2\/posts\/5038\/revisions"}],"predecessor-version":[{"id":5040,"href":"https:\/\/www.radiolimari.cl\/index.php?rest_route=\/wp\/v2\/posts\/5038\/revisions\/5040"}],"wp:featuredmedia":[{"embeddable":true,"href":"https:\/\/www.radiolimari.cl\/index.php?rest_route=\/wp\/v2\/media\/5039"}],"wp:attachment":[{"href":"https:\/\/www.radiolimari.cl\/index.php?rest_route=%2Fwp%2Fv2%2Fmedia&parent=5038"}],"wp:term":[{"taxonomy":"category","embeddable":true,"href":"https:\/\/www.radiolimari.cl\/index.php?rest_route=%2Fwp%2Fv2%2Fcategories&post=5038"},{"taxonomy":"post_tag","embeddable":true,"href":"https:\/\/www.radiolimari.cl\/index.php?rest_route=%2Fwp%2Fv2%2Ftags&post=5038"}],"curies":[{"name":"wp","href":"https:\/\/api.w.org\/{rel}","templated":true}]}}