{"id":5035,"date":"2021-05-11T16:21:55","date_gmt":"2021-05-11T16:21:55","guid":{"rendered":"http:\/\/www.radiolimari.cl\/?p=5035"},"modified":"2021-05-11T16:21:55","modified_gmt":"2021-05-11T16:21:55","slug":"apostando-a-lo-digital-arquidiocesis-de-la-serena-vive-el-mes-vocacional","status":"publish","type":"post","link":"https:\/\/www.radiolimari.cl\/?p=5035","title":{"rendered":"Apostando a lo digital Arquidi\u00f3cesis de La Serena vive el Mes Vocacional"},"content":{"rendered":"<p><a href=\"https:\/\/www.radiolimari.cl\/wp-content\/uploads\/2021\/05\/11.5-mes-vocacional.jpg\"><img decoding=\"async\" class=\"alignnone size-medium wp-image-5036\" src=\"https:\/\/www.radiolimari.cl\/wp-content\/uploads\/2021\/05\/11.5-mes-vocacional-300x143.jpg\" alt=\"11.5 mes vocacional\" width=\"300\" height=\"143\" srcset=\"https:\/\/www.radiolimari.cl\/wp-content\/uploads\/2021\/05\/11.5-mes-vocacional-300x143.jpg 300w, https:\/\/www.radiolimari.cl\/wp-content\/uploads\/2021\/05\/11.5-mes-vocacional.jpg 790w\" sizes=\"(max-width: 300px) 100vw, 300px\" \/><\/a><\/p>\n<p>Las actividades organizadas por la Comisi\u00f3n Arquidiocesana de Pastoral Vocacional se realizan \u00edntegramente en formato online, destacando los Jueves Vocacionales, programas en el que las diversas comunidades de la zona est\u00e1n invitadas a participar.<!--more--><\/p>\n<p>Videos motivacionales, testimonios, Adoraci\u00f3n al Sant\u00edsimo online, transmisi\u00f3n de Eucarist\u00edas y momentos de oraci\u00f3n, son parte de las actividades que la Comisi\u00f3n Arquidiocesana de Pastoral Vocacional est\u00e1 efectuando y que se extender\u00e1n hasta el pr\u00f3ximo 23 de mayo, Pentecost\u00e9s, en el denominado Mes Vocacional.<\/p>\n<p>El objetivo es fortalecer esta prioridad pastoral de la Iglesia en La Serena, seg\u00fan explic\u00f3 el Asesor Arquidiocesano de Pastoral Vocacional, P. Ariel Robledo, quien manifest\u00f3 la intenci\u00f3n de\u00a0\u00abayudar a que numerosos j\u00f3venes puedan descubrir su vocaci\u00f3n y que nuestra Arquidi\u00f3cesis vaya adquiriendo una cultura en este \u00e1mbito. Esto no est\u00e1 enfocado solamente en lo referido a lo sacerdotal o religioso, sino tambi\u00e9n para la vida matrimonial, laicos comprometidos y los bautizados en general\u201d.<\/p>\n<p>De la misma forma, el sacerdote agreg\u00f3 que \u201cya estamos con diversas actividades, las que dada la contingencia sanitaria \u2013y al igual que el a\u00f1o pasado- ser\u00e1n en formato digital. Se destaca dentro de los programas los jueves, donde nos unimos como comunidad arquidiocesana para participar de una adoraci\u00f3n al Sant\u00edsimo Sacramento de forma online y donde las parroquias y sus agentes pastorales tienen una activa participaci\u00f3n. Desde luego invito a que todos se puedan unir a esta y otras actividades\u201d.<\/p>\n<p>Los programas del Mes Vocacional pueden ser seguidos por las p\u00e1ginas de Facebook Revista Koinon\u00eda y PV Arquidi\u00f3cesis de La Serena.<\/p>\n<p>&nbsp;<\/p>\n<p>&nbsp;<\/p>\n<p>&nbsp;<\/p>\n","protected":false},"excerpt":{"rendered":"<p>Las actividades organizadas por la Comisi\u00f3n Arquidiocesana de Pastoral Vocacional se realizan \u00edntegramente en formato online, destacando los Jueves Vocacionales, programas en el que las diversas comunidades de la zona est\u00e1n invitadas a participar.<\/p>\n","protected":false},"author":2,"featured_media":5036,"comment_status":"open","ping_status":"open","sticky":false,"template":"","format":"standard","meta":{"footnotes":""},"categories":[3],"tags":[],"class_list":["post-5035","post","type-post","status-publish","format-standard","has-post-thumbnail","hentry","category-actualidad"],"_links":{"self":[{"href":"https:\/\/www.radiolimari.cl\/index.php?rest_route=\/wp\/v2\/posts\/5035","targetHints":{"allow":["GET"]}}],"collection":[{"href":"https:\/\/www.radiolimari.cl\/index.php?rest_route=\/wp\/v2\/posts"}],"about":[{"href":"https:\/\/www.radiolimari.cl\/index.php?rest_route=\/wp\/v2\/types\/post"}],"author":[{"embeddable":true,"href":"https:\/\/www.radiolimari.cl\/index.php?rest_route=\/wp\/v2\/users\/2"}],"replies":[{"embeddable":true,"href":"https:\/\/www.radiolimari.cl\/index.php?rest_route=%2Fwp%2Fv2%2Fcomments&post=5035"}],"version-history":[{"count":1,"href":"https:\/\/www.radiolimari.cl\/index.php?rest_route=\/wp\/v2\/posts\/5035\/revisions"}],"predecessor-version":[{"id":5037,"href":"https:\/\/www.radiolimari.cl\/index.php?rest_route=\/wp\/v2\/posts\/5035\/revisions\/5037"}],"wp:featuredmedia":[{"embeddable":true,"href":"https:\/\/www.radiolimari.cl\/index.php?rest_route=\/wp\/v2\/media\/5036"}],"wp:attachment":[{"href":"https:\/\/www.radiolimari.cl\/index.php?rest_route=%2Fwp%2Fv2%2Fmedia&parent=5035"}],"wp:term":[{"taxonomy":"category","embeddable":true,"href":"https:\/\/www.radiolimari.cl\/index.php?rest_route=%2Fwp%2Fv2%2Fcategories&post=5035"},{"taxonomy":"post_tag","embeddable":true,"href":"https:\/\/www.radiolimari.cl\/index.php?rest_route=%2Fwp%2Fv2%2Ftags&post=5035"}],"curies":[{"name":"wp","href":"https:\/\/api.w.org\/{rel}","templated":true}]}}