{"id":5032,"date":"2021-05-11T16:12:59","date_gmt":"2021-05-11T16:12:59","guid":{"rendered":"http:\/\/www.radiolimari.cl\/?p=5032"},"modified":"2021-05-11T16:12:59","modified_gmt":"2021-05-11T16:12:59","slug":"gobernacion-de-limari-llama-a-postular-al-ingreso-familiar-de-emergencia-ampliado","status":"publish","type":"post","link":"https:\/\/www.radiolimari.cl\/?p=5032","title":{"rendered":"Gobernaci\u00f3n de Limar\u00ed llama a postular al Ingreso Familiar de Emergencia Ampliado"},"content":{"rendered":"<p><a href=\"https:\/\/www.radiolimari.cl\/wp-content\/uploads\/2021\/05\/11.5-IFE-AMPLIADO-GOBIERNO-EN-TERRENO-2.jpg\"><img fetchpriority=\"high\" decoding=\"async\" class=\"alignnone size-medium wp-image-5033\" src=\"https:\/\/www.radiolimari.cl\/wp-content\/uploads\/2021\/05\/11.5-IFE-AMPLIADO-GOBIERNO-EN-TERRENO-2-300x224.jpg\" alt=\"11.5 IFE AMPLIADO GOBIERNO EN TERRENO (2)\" width=\"300\" height=\"224\" srcset=\"https:\/\/www.radiolimari.cl\/wp-content\/uploads\/2021\/05\/11.5-IFE-AMPLIADO-GOBIERNO-EN-TERRENO-2-300x224.jpg 300w, https:\/\/www.radiolimari.cl\/wp-content\/uploads\/2021\/05\/11.5-IFE-AMPLIADO-GOBIERNO-EN-TERRENO-2-1024x766.jpg 1024w, https:\/\/www.radiolimari.cl\/wp-content\/uploads\/2021\/05\/11.5-IFE-AMPLIADO-GOBIERNO-EN-TERRENO-2.jpg 1440w\" sizes=\"(max-width: 300px) 100vw, 300px\" \/><\/a><\/p>\n<p><span style=\"color: #222222;\">Con un intenso despliegue territorial la Gobernaci\u00f3n de Limar\u00ed\u00a0 ha llegado a las cinco comunas de la provincia, para difundir e incentivar a los beneficiarios a postular al ingreso Familiar de Emergencia Ampliado (IFE), cuya postulaci\u00f3n\u00a0 se extender\u00e1 hasta el 18 de Mayo.<\/span><!--more--><\/p>\n<p style=\"font-weight: 400;\">\u201cNecesitamos que la mayor cantidad de personas pueda acceder a este beneficio que va en directo apoyo de las familias que se han visto afectadas por esta pandemia, que no solo ha puesto en riesgo la salud de todos, sino que tambi\u00e9n ha provocado dificultades econ\u00f3micas en Muchos hogares. Por eso, el equipo de Gobernaci\u00f3n se ha acercado directamente a los vecinos para orientarlos y ayudarlos a postular, en terreno, siguiendo todas medidas de prevenci\u00f3n de coronavirus y abarcando todas las comunas de la provincia\u201d, se\u00f1al\u00f3 el Gobernador (s) Mat\u00edas Villalobos<\/p>\n<p style=\"font-weight: 400;\">El Ingreso Familiar de Emergencia (IFE) Ampliado es una ayuda econ\u00f3mica que busca apoyar a los hogares que se han visto m\u00e1s afectados por la crisis sanitaria y econ\u00f3mica provocada por el COVID-19.\u00a0 Este beneficio est\u00e1 siendo entregado entre los meses de abril y junio.<\/p>\n<p style=\"font-weight: 400;\">Entre el 8 y el 18 de mayo se encuentran abiertas nuevamente las solicitudes para el aporte del mes de mayo. Para solicitar el beneficio tienes que ingresar a la p\u00e1gina web\u00a0<a href=\"https:\/\/www.ingresodeemergencia.cl\/\" data-saferedirecturl=\"https:\/\/www.google.com\/url?q=https:\/\/www.ingresodeemergencia.cl\/&amp;source=gmail&amp;ust=1620830487519000&amp;usg=AFQjCNHh9N6KOhVcFRYPFYTrGpE8wfJ-Cg\">http:\/\/www.ingresodeemergencia.cl\/<\/a>.<\/p>\n<p style=\"font-weight: 400;\">Y es Importante se\u00f1alar que los hogares que postularon en abril o fueron beneficiarios autom\u00e1ticos, no necesitan postular en mayo.<\/p>\n<p style=\"font-weight: 400;\">El monto de cada aporte ser\u00e1 de $100.000 por integrante del hogar, seg\u00fan el Registro Social de Hogares (el monto individual decae desde el quinto integrante, con un tope m\u00e1ximo de $759.000).<\/p>\n<p style=\"font-weight: 400;\"><strong>Est\u00e1 dirigido a los hogares que cumplen con los siguientes requisitos:<\/strong><\/p>\n<p style=\"font-weight: 400;\">Tener\u00a0 Registro Social de Hogares.<\/p>\n<p style=\"font-weight: 400;\">Tu hogar se encuentra dentro del 80% m\u00e1s vulnerable de acuerdo con la Calificaci\u00f3n Socioecon\u00f3mica del Registro Social de Hogares (RSH).<\/p>\n<p style=\"font-weight: 400;\">Tu hogar est\u00e1 integrando por lo menos por un beneficiario del 6\u00b0 aporte del IFE.<\/p>\n<p style=\"font-weight: 400;\">Tu hogar est\u00e1 integrando por lo menos por un causante del Subsidio \u00danico Familiar (SUF).<\/p>\n<p style=\"font-weight: 400;\">Tu hogar est\u00e1 integrando por lo menos por un usuario del subsistema Seguridades y Oportunidades (SSyOO).<\/p>\n<p style=\"font-weight: 400;\">Toda esta informaci\u00f3n pueden revisarla en detalle\u00a0 en el portal\u00a0<a href=\"https:\/\/www.ingresodeemergencia.cl\/\" data-saferedirecturl=\"https:\/\/www.google.com\/url?q=https:\/\/www.ingresodeemergencia.cl\/&amp;source=gmail&amp;ust=1620830487519000&amp;usg=AFQjCNHh9N6KOhVcFRYPFYTrGpE8wfJ-Cg\">http:\/\/www.ingresodeemergencia.cl\/<\/a><\/p>\n","protected":false},"excerpt":{"rendered":"<p>Con un intenso despliegue territorial la Gobernaci\u00f3n de Limar\u00ed\u00a0 ha llegado a las cinco comunas de la provincia, para difundir e incentivar a los beneficiarios a postular al ingreso Familiar de Emergencia Ampliado (IFE), cuya postulaci\u00f3n\u00a0 se extender\u00e1 hasta el 18 de Mayo.<\/p>\n","protected":false},"author":2,"featured_media":5033,"comment_status":"open","ping_status":"open","sticky":false,"template":"","format":"standard","meta":{"footnotes":""},"categories":[5],"tags":[],"class_list":["post-5032","post","type-post","status-publish","format-standard","has-post-thumbnail","hentry","category-actualidad-limarina"],"_links":{"self":[{"href":"https:\/\/www.radiolimari.cl\/index.php?rest_route=\/wp\/v2\/posts\/5032","targetHints":{"allow":["GET"]}}],"collection":[{"href":"https:\/\/www.radiolimari.cl\/index.php?rest_route=\/wp\/v2\/posts"}],"about":[{"href":"https:\/\/www.radiolimari.cl\/index.php?rest_route=\/wp\/v2\/types\/post"}],"author":[{"embeddable":true,"href":"https:\/\/www.radiolimari.cl\/index.php?rest_route=\/wp\/v2\/users\/2"}],"replies":[{"embeddable":true,"href":"https:\/\/www.radiolimari.cl\/index.php?rest_route=%2Fwp%2Fv2%2Fcomments&post=5032"}],"version-history":[{"count":1,"href":"https:\/\/www.radiolimari.cl\/index.php?rest_route=\/wp\/v2\/posts\/5032\/revisions"}],"predecessor-version":[{"id":5034,"href":"https:\/\/www.radiolimari.cl\/index.php?rest_route=\/wp\/v2\/posts\/5032\/revisions\/5034"}],"wp:featuredmedia":[{"embeddable":true,"href":"https:\/\/www.radiolimari.cl\/index.php?rest_route=\/wp\/v2\/media\/5033"}],"wp:attachment":[{"href":"https:\/\/www.radiolimari.cl\/index.php?rest_route=%2Fwp%2Fv2%2Fmedia&parent=5032"}],"wp:term":[{"taxonomy":"category","embeddable":true,"href":"https:\/\/www.radiolimari.cl\/index.php?rest_route=%2Fwp%2Fv2%2Fcategories&post=5032"},{"taxonomy":"post_tag","embeddable":true,"href":"https:\/\/www.radiolimari.cl\/index.php?rest_route=%2Fwp%2Fv2%2Ftags&post=5032"}],"curies":[{"name":"wp","href":"https:\/\/api.w.org\/{rel}","templated":true}]}}