{"id":5029,"date":"2021-05-11T15:15:42","date_gmt":"2021-05-11T15:15:42","guid":{"rendered":"http:\/\/www.radiolimari.cl\/?p=5029"},"modified":"2021-05-11T15:15:42","modified_gmt":"2021-05-11T15:15:42","slug":"estadio-de-canela-muestra-un-gran-avance-en-su-construccion","status":"publish","type":"post","link":"https:\/\/www.radiolimari.cl\/?p=5029","title":{"rendered":"Estadio de Canela muestra un gran avance en su construcci\u00f3n"},"content":{"rendered":"<p><a href=\"https:\/\/www.radiolimari.cl\/wp-content\/uploads\/2021\/05\/11.5-estadio_canela3.jpg\"><img fetchpriority=\"high\" decoding=\"async\" class=\"alignnone size-medium wp-image-5030\" src=\"https:\/\/www.radiolimari.cl\/wp-content\/uploads\/2021\/05\/11.5-estadio_canela3-300x225.jpg\" alt=\"11.5 estadio_canela3\" width=\"300\" height=\"225\" srcset=\"https:\/\/www.radiolimari.cl\/wp-content\/uploads\/2021\/05\/11.5-estadio_canela3-300x225.jpg 300w, https:\/\/www.radiolimari.cl\/wp-content\/uploads\/2021\/05\/11.5-estadio_canela3.jpg 1024w\" sizes=\"(max-width: 300px) 100vw, 300px\" \/><\/a><\/p>\n<p><i style=\"color: #222222;\">Un obra esperada por la comunidad, que estuvo detenida por bastante tiempo, pero que hoy cuenta con un progreso importante y se espera pueda ser entregada este a\u00f1o.<\/i><!--more--><\/p>\n<p>Una visita t\u00e9cnica realiz\u00f3 el Seremi de Deportes, Juan Carlos Fritis junto al equipo t\u00e9cnico del Mindep y del Instituto Nacional de Deportes, a objeto de comprobar en terreno el estado de avance que considera\u00a0 la construcci\u00f3n \u00a0del Estadio de Canela y la reposici\u00f3n parcial \u00a0tambi\u00e9n del Estadio los Vilos, en donde ambas obras presentan importantes avances, tanto en lo estructural, como en lo relativo a las obras menores.<\/p>\n<p>Al respecto, \u00a0el Seremi de Deporte\u00a0 en su visita a la comuna canelina dijo : \u201cEste estadio se est\u00e1 construyendo con recursos del Gobierno Regional y del Ministerio del Deporte a trav\u00e9s del Instituto Nacional de Deportes, este es \u00a0un espacio de m\u00e1s de dos hect\u00e1reas, \u00a0donde se va instalar una cancha de f\u00fatbol, con una pista de recortan, \u00a0grader\u00edas para ver el f\u00fatbol y otros deportes, todo con norma FIFA, estamos trabajando en este sector, \u00a0para poder terminar este gran proyecto, \u00a0para nuestra regi\u00f3n. Estamos s\u00faper orgullosos, son cuatro mil millones de pesos , que se est\u00e1n invirtiendo en la comuna de Canela\u201d, sentenci\u00f3 \u00a0la autoridad deportiva.<\/p>\n<p>El recinto\u00a0 que en su construcci\u00f3n cuenta con doce mil seiscientos metros cuadrados, una cancha de pasto sint\u00e9tico de medidas seg\u00fan norma FIFA, con una pista atl\u00e9tica de recortan de seis pistas, cierre perimetral \u00a0y valla ol\u00edmpica, contar\u00e1 adem\u00e1s con cuatro torres de eliminaci\u00f3n de gran factura, con sus respectivos equipos de funcionamiento \u00a0e instalaci\u00f3n insonora, adem\u00e1s de grader\u00edas de hormig\u00f3n, \u00a0con un aforo de mil personas, bajo las cuales se ubicar\u00e1n camarines, servicios higi\u00e9nicos, enfermer\u00eda y m\u00f3dulos para las transmisiones y prensa, , contando adem\u00e1s, \u00a0con tablero electr\u00f3nico y oficinas de administraci\u00f3n, \u00a0entre otras instalaciones, en suma,\u00a0 una obra de gran envergadura deportiva.<\/p>\n<p>El Estadio de Canela alcanza un avance de obra gruesa cercana al 60 por ciento y en tanto otra obra que se construye en el Choapa es el estadio de Los Vilos, que ya est\u00e1 por entregar la primera etapa de su reposici\u00f3n y la pr\u00f3xima\u00a0 semana se realizar\u00e1 el inicio de la segunda fase de las obras.<\/p>\n<div><\/div>\n","protected":false},"excerpt":{"rendered":"<p>Un obra esperada por la comunidad, que estuvo detenida por bastante tiempo, pero que hoy cuenta con un progreso importante y se espera pueda ser entregada este a\u00f1o.<\/p>\n","protected":false},"author":2,"featured_media":5030,"comment_status":"open","ping_status":"open","sticky":false,"template":"","format":"standard","meta":{"footnotes":""},"categories":[3],"tags":[],"class_list":["post-5029","post","type-post","status-publish","format-standard","has-post-thumbnail","hentry","category-actualidad"],"_links":{"self":[{"href":"https:\/\/www.radiolimari.cl\/index.php?rest_route=\/wp\/v2\/posts\/5029","targetHints":{"allow":["GET"]}}],"collection":[{"href":"https:\/\/www.radiolimari.cl\/index.php?rest_route=\/wp\/v2\/posts"}],"about":[{"href":"https:\/\/www.radiolimari.cl\/index.php?rest_route=\/wp\/v2\/types\/post"}],"author":[{"embeddable":true,"href":"https:\/\/www.radiolimari.cl\/index.php?rest_route=\/wp\/v2\/users\/2"}],"replies":[{"embeddable":true,"href":"https:\/\/www.radiolimari.cl\/index.php?rest_route=%2Fwp%2Fv2%2Fcomments&post=5029"}],"version-history":[{"count":1,"href":"https:\/\/www.radiolimari.cl\/index.php?rest_route=\/wp\/v2\/posts\/5029\/revisions"}],"predecessor-version":[{"id":5031,"href":"https:\/\/www.radiolimari.cl\/index.php?rest_route=\/wp\/v2\/posts\/5029\/revisions\/5031"}],"wp:featuredmedia":[{"embeddable":true,"href":"https:\/\/www.radiolimari.cl\/index.php?rest_route=\/wp\/v2\/media\/5030"}],"wp:attachment":[{"href":"https:\/\/www.radiolimari.cl\/index.php?rest_route=%2Fwp%2Fv2%2Fmedia&parent=5029"}],"wp:term":[{"taxonomy":"category","embeddable":true,"href":"https:\/\/www.radiolimari.cl\/index.php?rest_route=%2Fwp%2Fv2%2Fcategories&post=5029"},{"taxonomy":"post_tag","embeddable":true,"href":"https:\/\/www.radiolimari.cl\/index.php?rest_route=%2Fwp%2Fv2%2Ftags&post=5029"}],"curies":[{"name":"wp","href":"https:\/\/api.w.org\/{rel}","templated":true}]}}