{"id":5016,"date":"2021-05-10T20:34:51","date_gmt":"2021-05-10T20:34:51","guid":{"rendered":"http:\/\/www.radiolimari.cl\/?p=5016"},"modified":"2021-05-10T20:39:17","modified_gmt":"2021-05-10T20:39:17","slug":"rio-hurtado-celebra-sus-127-anos-de-manera-virtual","status":"publish","type":"post","link":"https:\/\/www.radiolimari.cl\/?p=5016","title":{"rendered":"R\u00cdO HURTADO, Celebra sus 127 a\u00f1os de manera virtual"},"content":{"rendered":"<p><a href=\"https:\/\/www.radiolimari.cl\/wp-content\/uploads\/2021\/05\/alcalde-ceremonia.png\"><img fetchpriority=\"high\" decoding=\"async\" class=\"alignnone size-medium wp-image-5017\" src=\"https:\/\/www.radiolimari.cl\/wp-content\/uploads\/2021\/05\/alcalde-ceremonia-300x168.png\" alt=\"alcalde ceremonia\" width=\"300\" height=\"168\" srcset=\"https:\/\/www.radiolimari.cl\/wp-content\/uploads\/2021\/05\/alcalde-ceremonia-300x168.png 300w, https:\/\/www.radiolimari.cl\/wp-content\/uploads\/2021\/05\/alcalde-ceremonia-1024x575.png 1024w, https:\/\/www.radiolimari.cl\/wp-content\/uploads\/2021\/05\/alcalde-ceremonia.png 1366w\" sizes=\"(max-width: 300px) 100vw, 300px\" \/><\/a><\/p>\n<p>En medio de la pandemia por corona virus la comuna de R\u00edo Hurtado celebr\u00f3 el Cent\u00e9simo Vig\u00e9simo s\u00e9ptimo aniversario este 10 de mayo.<!--more--><\/p>\n<p>Un 10 de mayo de 1894 la Municipalidad de R\u00edo Hurtado comenz\u00f3 a funcionar al servicio de esta nueva comuna creada.<\/p>\n<p>Hoy su Alcalde Gary Valenzuela Rojas, presidi\u00f3 las actividades \u00a0que fueron transmitidas de manera virtual a trav\u00e9s del FansPage del Facebook del Municipio.<\/p>\n<p>A las 11:00 horas se ofici\u00f3 un solemne Tedeum, el que fue presidido por el Arzobispo de la Arquidi\u00f3cesis de la serena, Monse\u00f1or Rene Rebolledo.<\/p>\n<p>Posteriormente se trasmiti\u00f3 la ceremonia virtual donde el alcalde Gary Valenzuela, hizo un repaso de todas las obras que gracias a proyectos presentados por el municipio bajo su administraci\u00f3n desde el a\u00f1o 1992, llev\u00f3 adelante, acallando las voces que se\u00f1alan que en su administraci\u00f3n no se ha hecho nada.<\/p>\n<p>El Alcalde en su mensaje dijo \u201c Pues bien son testigos los habitantes de una millonaria inversi\u00f3n hasta en los lugares m\u00e1s apartados de la comuna.<\/p>\n<p>Hemos Pavimentado nuestra ruta principal d-595 desde el Cruce de Lagunillas hasta Hurtado y estamos dejando listo el dise\u00f1o para la licitaci\u00f3n de la pavimentaci\u00f3n entre Hurtado y la localidad de Las Breas trabajos que comenzar\u00e1n el en segundo semestre de este a\u00f1o.<\/p>\n<p>En Materia educacional, repusimos los 20 establecimientos educacionales de la comuna, tanto en el valles como el La Huerta, El Romeral, Las\u00a0 Minillas, Maitenes de Ser\u00f3n, Maitenes de Samo Alto \u00a0y El Sauce, con moderna infraestructura acorde a las necesidades de los estudiantes y los profesores de cada localidad.<\/p>\n<p>En materia de salud, renovamos las 6 postas y las 8 estaciones m\u00e9dico rural y\u00a0 hoy contamos con un Moderno Centro de salud Familiar, todo ello para garantizar un mejor acceso y dignidad en la atenci\u00f3n\u00a0 a la salud de nuestros vecinos y vecinas.<\/p>\n<p>En materia de comunicaciones telef\u00f3nicas, dejamos atr\u00e1s los alambres que conectaban los tres telefonos existentes en la comuna hasta el a\u00f1o 1998, contando ahora con moderna telefon\u00eda residencial con fibra \u00f3ptica en el valle y telefon\u00eda celular e internet en todas las localidades del valle y en algunos sectores de secano de la comuna.<\/p>\n<p>En Materia de seguridad p\u00fablica repusimos los dos retenes de Carabineros en la localidad de Hurtado y Pichasca. Repusimos todo el alumbrado p\u00fablico, cambiando las ampolletas de mercurio por modernas l\u00e1mparas con exigencias t\u00e9cnicas, que no solo da seguridad, sino que adem\u00e1s protege la oscuridad del cielo nocturno evitando la contaminaci\u00f3n lum\u00ednica, cuidando y protegiendo nuestros cielos oscuros de R\u00edo Hurtado<\/p>\n<p>En ese mismo \u00e1mbito, estamos trabajando para certificar los cielos de R\u00edo Hurtado, es as\u00ed como durante este \u00faltimo tiempo se ha realizado un arduo trabajo, de recolecci\u00f3n de informaci\u00f3n t\u00e9cnica, se han realizado mediciones de contaminaci\u00f3n lum\u00ednica en toda la comuna, adem\u00e1s de la elaboraci\u00f3n de la propuesta de una ordenanza municipal del cuidado de los cielos.<\/p>\n<p>En infraestructura comunitaria\u00a0 hemos construido nuevas Sedes Sociales en \u00a0\u00a0\u00a0Tahuinco, Tabaqueros, Parral Viejo,\u00a0\u00a0Samo Alto,\u00a0\u00a0Quebrada Santander, La Aguada, \u00a0Fundina,\u00a0\u00a0Ser\u00f3n, Maitenes de Ser\u00f3n, La Huerta, El Romeral, El Cha\u00f1ar y \u00a0\u00a0Las Breas.<\/p>\n<p>Hemos construido Veredas, Construimos Escaleras de acceso a viviendas.\u00a0Para el deporte construimos\u00a0 Multicanchas en Tahuinco, \u00a0Tabaqueros, \u00a0\u00a0Huampulla, \u00a0\u00a0Samo Alto, El\u00a0\u00a0Espinal, \u00a0\u00a0Caracoles de Pichasca y \u00a0Fundina .Tambi\u00e9n mejoramos la estructura de las multicanchas construyendo techados en \u00a0\u00a0Huampulla, \u00a0Samo Alto, \u00a0Pichasca y se iniciar\u00e1n \u00a0en \u00a0Fundina.<\/p>\n<p>En cuanto a Espacios p\u00fablicos, Plazas y Plazoletas, construimos obras \u00a0en,\u00a0 Tahuinco, \u00a0Huampulla, \u00a0Tabaqueros, \u00a0Samo Alto, San Pedro, Fundina, Ser\u00f3n, Hurtado, El Cha\u00f1ar y est\u00e1n en construcci\u00f3n en Pichasca y \u00a0\u00a0Maitenes de Samo Alto<\/p>\n<p>En los \u00faltimos a\u00f1os construimos Estaciones de Ciclistas y Tur\u00edsticas; en Huampulla, \u00a0Parral Viejo,\u00a0\u00a0Samo Alto,\u00a0\u00a0\u00a0Cuesta Piedra camino a Andacollo, El\u00a0\u00a0Espinal, Morrillos y Las Breas. \u00a0\u00a0Pronto se construir\u00e1 una en el Ingreso a la localidad de Tabaqueros.<\/p>\n<p>En materia del patrimonio Cultural, construimos el\u00a0 Centro de Difusi\u00f3n Patrimonial, en el interior del Monumento Natural Pichasca que administra Conaf, Ubicado en la localidad de San Pedro y habilitamos la Biblioteca comunal en la Localidad de Ser\u00f3n<\/p>\n<p>En el tema sanitario construimos y mejoramos los sistemas de agua potable rural de la comuna y construimos Alcantarillados Colectivos en \u00a0Tahuinco, \u00a0\u00a0\u00a0\u00a0\u00a0Caracoles de Pichasca,\u00a0\u00a0Tabaqueros y \u00a0\u00a0\u00a0Vado de Morrillos<\/p>\n<p>Ampliamos los Cementerios de \u00a0Tahuinco, \u00a0Samo Alto, \u00a0\u00a0San Pedro de Pichasca<\/p>\n<p>Esto es solo por nombrar lo m\u00e1s relevante de lo realizado bajo este mandato comunal\u201d. dijo en sus palabras el alcalde quien entreg\u00f3 su ultimo mensaje<\/p>\n<p>&nbsp;<\/p>\n<p>Posteriormente a la ceremonia vino la presentaci\u00f3n del \u201cTrio Agnus\u201d quienes desde el patio interior de la Municipalidad brindaron un concierto para festejar este aniversario, como as\u00ed tambi\u00e9n saludar y homenajear a todas las mamitas en el D\u00eda de La Madre.<\/p>\n","protected":false},"excerpt":{"rendered":"<p>En medio de la pandemia por corona virus la comuna de R\u00edo Hurtado celebr\u00f3 el Cent\u00e9simo Vig\u00e9simo s\u00e9ptimo aniversario este 10 de mayo.<\/p>\n","protected":false},"author":2,"featured_media":5017,"comment_status":"open","ping_status":"open","sticky":false,"template":"","format":"standard","meta":{"footnotes":""},"categories":[5],"tags":[],"class_list":["post-5016","post","type-post","status-publish","format-standard","has-post-thumbnail","hentry","category-actualidad-limarina"],"_links":{"self":[{"href":"https:\/\/www.radiolimari.cl\/index.php?rest_route=\/wp\/v2\/posts\/5016","targetHints":{"allow":["GET"]}}],"collection":[{"href":"https:\/\/www.radiolimari.cl\/index.php?rest_route=\/wp\/v2\/posts"}],"about":[{"href":"https:\/\/www.radiolimari.cl\/index.php?rest_route=\/wp\/v2\/types\/post"}],"author":[{"embeddable":true,"href":"https:\/\/www.radiolimari.cl\/index.php?rest_route=\/wp\/v2\/users\/2"}],"replies":[{"embeddable":true,"href":"https:\/\/www.radiolimari.cl\/index.php?rest_route=%2Fwp%2Fv2%2Fcomments&post=5016"}],"version-history":[{"count":3,"href":"https:\/\/www.radiolimari.cl\/index.php?rest_route=\/wp\/v2\/posts\/5016\/revisions"}],"predecessor-version":[{"id":5020,"href":"https:\/\/www.radiolimari.cl\/index.php?rest_route=\/wp\/v2\/posts\/5016\/revisions\/5020"}],"wp:featuredmedia":[{"embeddable":true,"href":"https:\/\/www.radiolimari.cl\/index.php?rest_route=\/wp\/v2\/media\/5017"}],"wp:attachment":[{"href":"https:\/\/www.radiolimari.cl\/index.php?rest_route=%2Fwp%2Fv2%2Fmedia&parent=5016"}],"wp:term":[{"taxonomy":"category","embeddable":true,"href":"https:\/\/www.radiolimari.cl\/index.php?rest_route=%2Fwp%2Fv2%2Fcategories&post=5016"},{"taxonomy":"post_tag","embeddable":true,"href":"https:\/\/www.radiolimari.cl\/index.php?rest_route=%2Fwp%2Fv2%2Ftags&post=5016"}],"curies":[{"name":"wp","href":"https:\/\/api.w.org\/{rel}","templated":true}]}}