{"id":5010,"date":"2021-05-05T02:11:29","date_gmt":"2021-05-05T02:11:29","guid":{"rendered":"http:\/\/www.radiolimari.cl\/?p=5010"},"modified":"2021-05-05T02:11:29","modified_gmt":"2021-05-05T02:11:29","slug":"el-artista-augusto-salazar-rescata-la-identidad-territorial-de-ovalle-en-su-nueva-exposicion-pictorica","status":"publish","type":"post","link":"https:\/\/www.radiolimari.cl\/?p=5010","title":{"rendered":"El artista Augusto Salazar rescata la identidad territorial de Ovalle en su nueva exposici\u00f3n pict\u00f3rica"},"content":{"rendered":"<p><a href=\"https:\/\/www.radiolimari.cl\/wp-content\/uploads\/2021\/05\/5.5.-tmo.jpg\"><img fetchpriority=\"high\" decoding=\"async\" class=\"alignnone size-medium wp-image-5011\" src=\"https:\/\/www.radiolimari.cl\/wp-content\/uploads\/2021\/05\/5.5.-tmo-300x225.jpg\" alt=\"5.5. tmo\" width=\"300\" height=\"225\" srcset=\"https:\/\/www.radiolimari.cl\/wp-content\/uploads\/2021\/05\/5.5.-tmo-300x225.jpg 300w, https:\/\/www.radiolimari.cl\/wp-content\/uploads\/2021\/05\/5.5.-tmo-1024x768.jpg 1024w\" sizes=\"(max-width: 300px) 100vw, 300px\" \/><\/a><\/p>\n<p><strong>La muestra que recrea inmuebles emblem\u00e1ticos de Ovalle ya desaparecidos, otros en peligro de derrumbe, se inaugurar\u00e1 este jueves 6 de mayo <\/strong><strong>a las 19:30 horas v\u00eda Facebook y Youtube (Ovalle Cultura)<\/strong><!--more--><\/p>\n<p>Comienza mayo y como es costumbre cada primer jueves de mes, la Galer\u00eda Homero Mart\u00ednez Salas inaugurar\u00e1 una nueva exposici\u00f3n. En esta oportunidad ser\u00e1 el destacado artista ovallino, Augusto Salazar Fern\u00e1ndez, mejor conocido como \u201cSanka\u201d, quien nos presentar\u00e1 su obra \u201cOvalle de Anta\u00f1o\u201d.<\/p>\n<p>Acompa\u00f1a al artista visual a recorrer virtualmente este jueves 06 de mayo a las 19:30 horas v\u00eda Facebook y Youtube (Ovalle Cultura) esta muestra compuesta por\u00a0 10 cuadros, que retratan inmuebles, paisajes y ambientes urbanos hist\u00f3ricos de la ciudad de Ovalle; trabajados en \u00f3leo sobre tela con marco simple. Cabe destacar que las pinturas recrean, en estilos figurativos, inmuebles emblem\u00e1ticos de Ovalle ya desaparecidos, otros en peligro de derrumbe, lugares urbanos e im\u00e1genes antiguas y otros, como una forma de traer a la memoria nuestra historia y patrimonio.<\/p>\n<p>Sanka define esta exposici\u00f3n como \u201cun rescate pict\u00f3rico que busca conectar la pintura como herramienta de valoraci\u00f3n y difusi\u00f3n de nuestra identidad territorial. Transitando entre lienzos busco evocar fragmentos de un recuerdo individual y colectivo, rescatando nuestra memoria, dejando en evidencia la imagen como s\u00edmbolo de la memoria impl\u00edcita\u201d, la conservaci\u00f3n de la memoria patrimonial que tiene nuestra ciudad y sus diferentes espacios, esperando que no se destruyan nuevamente nuestros recuerdos, para no mirar desde la nostalgia\u201d.<\/p>\n<p>&nbsp;<\/p>\n<p>UN POCO M\u00c1S SOBRE ESTE ARTISTA OVALLINO<\/p>\n<p>Augusto Salazar Fern\u00e1ndez (Sanka) se inici\u00f3 en la pintura en el a\u00f1o 1978, posteriormente comienza estudios de pintura en la Sociedad de Bellas Artes de Santiago, siendo su maestro el pintor, Pedro Lucavech\u00ed. Desde un comienzo tuvo un estilo particular, donde el gusto por el detalle y el cuidado por la t\u00e9cnica ha sido una caracter\u00edstica que lo ha perfilado a trav\u00e9s del tiempo. Sin embargo, paralelamente ha llegado a concretar una singular propuesta surrealista, donde se aprecia una aproximaci\u00f3n a los maestros franceses, particularmente de su referente, Magritte.<\/p>\n<p>El pintor ha puesto su sensibilidad creando un imaginario particular, donde el color se modula con el fin expresivo de tendencia rom\u00e1ntica. As\u00ed sus paisajes nos envuelven en atm\u00f3sfera cargada de magia.<\/p>\n<p>&nbsp;<\/p>\n","protected":false},"excerpt":{"rendered":"<p>La muestra que recrea inmuebles emblem\u00e1ticos de Ovalle ya desaparecidos, otros en peligro de derrumbe, se inaugurar\u00e1 este jueves 6 de mayo a las 19:30 horas v\u00eda Facebook y Youtube (Ovalle Cultura)<\/p>\n","protected":false},"author":2,"featured_media":5011,"comment_status":"open","ping_status":"open","sticky":false,"template":"","format":"standard","meta":{"footnotes":""},"categories":[5],"tags":[],"class_list":["post-5010","post","type-post","status-publish","format-standard","has-post-thumbnail","hentry","category-actualidad-limarina"],"_links":{"self":[{"href":"https:\/\/www.radiolimari.cl\/index.php?rest_route=\/wp\/v2\/posts\/5010","targetHints":{"allow":["GET"]}}],"collection":[{"href":"https:\/\/www.radiolimari.cl\/index.php?rest_route=\/wp\/v2\/posts"}],"about":[{"href":"https:\/\/www.radiolimari.cl\/index.php?rest_route=\/wp\/v2\/types\/post"}],"author":[{"embeddable":true,"href":"https:\/\/www.radiolimari.cl\/index.php?rest_route=\/wp\/v2\/users\/2"}],"replies":[{"embeddable":true,"href":"https:\/\/www.radiolimari.cl\/index.php?rest_route=%2Fwp%2Fv2%2Fcomments&post=5010"}],"version-history":[{"count":1,"href":"https:\/\/www.radiolimari.cl\/index.php?rest_route=\/wp\/v2\/posts\/5010\/revisions"}],"predecessor-version":[{"id":5012,"href":"https:\/\/www.radiolimari.cl\/index.php?rest_route=\/wp\/v2\/posts\/5010\/revisions\/5012"}],"wp:featuredmedia":[{"embeddable":true,"href":"https:\/\/www.radiolimari.cl\/index.php?rest_route=\/wp\/v2\/media\/5011"}],"wp:attachment":[{"href":"https:\/\/www.radiolimari.cl\/index.php?rest_route=%2Fwp%2Fv2%2Fmedia&parent=5010"}],"wp:term":[{"taxonomy":"category","embeddable":true,"href":"https:\/\/www.radiolimari.cl\/index.php?rest_route=%2Fwp%2Fv2%2Fcategories&post=5010"},{"taxonomy":"post_tag","embeddable":true,"href":"https:\/\/www.radiolimari.cl\/index.php?rest_route=%2Fwp%2Fv2%2Ftags&post=5010"}],"curies":[{"name":"wp","href":"https:\/\/api.w.org\/{rel}","templated":true}]}}