{"id":4982,"date":"2021-04-30T20:32:46","date_gmt":"2021-04-30T20:32:46","guid":{"rendered":"http:\/\/www.radiolimari.cl\/?p=4982"},"modified":"2021-04-30T20:32:46","modified_gmt":"2021-04-30T20:32:46","slug":"refuerzan-el-llamado-al-sector-silvoagropecuario-para-participar-en-el-viii-censo-agropecuario-y-forestal","status":"publish","type":"post","link":"https:\/\/www.radiolimari.cl\/?p=4982","title":{"rendered":"Refuerzan el llamado al sector Silvoagropecuario para participar en el VIII Censo Agropecuario y Forestal"},"content":{"rendered":"<p><a href=\"https:\/\/www.radiolimari.cl\/wp-content\/uploads\/2021\/04\/30.4-censoagropecuario2.jpeg\"><img fetchpriority=\"high\" decoding=\"async\" class=\"alignnone size-medium wp-image-4983\" src=\"https:\/\/www.radiolimari.cl\/wp-content\/uploads\/2021\/04\/30.4-censoagropecuario2-300x199.jpeg\" alt=\"30.4 censoagropecuario2\" width=\"300\" height=\"199\" srcset=\"https:\/\/www.radiolimari.cl\/wp-content\/uploads\/2021\/04\/30.4-censoagropecuario2-300x199.jpeg 300w, https:\/\/www.radiolimari.cl\/wp-content\/uploads\/2021\/04\/30.4-censoagropecuario2-1024x680.jpeg 1024w, https:\/\/www.radiolimari.cl\/wp-content\/uploads\/2021\/04\/30.4-censoagropecuario2.jpeg 1280w\" sizes=\"(max-width: 300px) 100vw, 300px\" \/><\/a><\/p>\n<p>La importancia de este censo radica principalmente en la actualizaci\u00f3n de datos y par\u00e1metros, con el fin de mejorar la toma de decisiones, considerando que el \u00faltimo levantamiento se realiz\u00f3 el a\u00f1o 2007<!--more--><\/p>\n<p>Bajo el lema \u201cel campo cuenta\u201d un total de 87 censistas recorren la regi\u00f3n desde el pasado 10 de marzo, con el objetivo de recopilar datos estad\u00edsticos que permitan planificar estrategias y tomar decisiones m\u00e1s efectivas para el desarrollo regional del sector agr\u00edcola e impulsar el desarrollo rural en las comunas.<\/p>\n<p>Labor que se extender\u00e1 hasta el pr\u00f3ximo 10 de junio, fecha en la que se espera tener censados a todos los productores agr\u00edcolas, pecuarios y forestales de la regi\u00f3n, en relaci\u00f3n con su actividad durante el a\u00f1o agr\u00edcola 2020 \u2013 2021, independiente del tama\u00f1o del predio o tipo de tenencia de la tierra.<\/p>\n<p>Con el objetivo de dar cumplimiento e impulsar este operativo censal, que se desarrolla en plena pandemia, cumpliendo con la totalidad de exigencias planteadas por la autoridad sanitaria nacional, es que los Seremis de las carteras de Econom\u00eda, Carlos Lillo y Agricultura, Rodrigo \u00d3rdenes, junto a la directora regional del Instituto Nacional de Estad\u00edstica (INE), Marcela Puz, se sumaron al levantamiento de datos que se realiz\u00f3 esta semana en el sector de Pan de Az\u00facar, comuna de Coquimbo, para difundir la importancia de este proceso, definido c\u00f3mo el m\u00e1s importante del agro chileno.<\/p>\n<p>En la oportunidad visitaron al productor de hortalizas Mario Y\u00e1\u00f1ez, quien luego de ser censado, valor\u00f3 el desarrollo de este instrumento y el acercamiento de las autoridades con el mundo rural, \u201ca nosotros nos gusta el acercamiento m\u00e1s directo, y ahora que viene el INE y saben lo que nosotros estamos produciendo y nos coloca en el mapa, gracias a esta encuesta, nos tiene muy contentos. De ese modo, podremos recibir apoyo por medio de las autoridades\u201d, indic\u00f3.<\/p>\n<p>La importancia de este censo radica principalmente en la actualizaci\u00f3n de datos y par\u00e1metros, con el fin de mejorar la toma de decisiones, considerando que el \u00faltimo levantamiento se realiz\u00f3 el a\u00f1o 2007,a esto se refiri\u00f3 el Seremi de Econom\u00eda, Fomento y Turismo de la regi\u00f3n, Carlos Lillo, indicando que \u201cnuestra regi\u00f3n se caracteriza por tener un fuerte sector agropecuario que es relevante para la econom\u00eda regional. Por tanto, esta actualizaci\u00f3n de la informaci\u00f3n a trav\u00e9s de este Censo va a permitir mejorar pol\u00edticas p\u00fablicas de este sector en la Regi\u00f3n de Coquimbo\u201d.<\/p>\n<p>En tanto el Seremi de Agricultura, Rodrigo \u00d3rdenes, se refiri\u00f3 a este proceso destacando la necesidad que existe de contar con esta informaci\u00f3n, para generar un levantamiento de estrategias e instrumentos acorde a las desaf\u00edos que enfrente el sector agropecuario, \u201cla ejecuci\u00f3n del VIII Censo Agropecuario es muy importante para nuestro sector, ya que esta recopilaci\u00f3n de datos nos permite actualizar informaci\u00f3n relevante, para la toma de decisiones, para la planificaci\u00f3n y para la formulaci\u00f3n de nuevas pol\u00edticas p\u00fablicas, con el objetivo de mejorar y crear nuevas herramientas que otorguen un desarrollo sustentable y sostenible, acorde a las actuales necesidades presentes en el mundo silvoagropecuario\u201d.<\/p>\n<p>Desde el Instituto Nacional de Estad\u00edstica, en palabras de su directora regional, Marcela Puz, se\u00f1alaron que la participaci\u00f3n de todos los productores silvoagropecuarios es clave para que nuestra regi\u00f3n est\u00e9 bien representada en las estad\u00edsticas nacionales, \u201cel levantamiento en terreno del Censo Nacional Agropecuario y Forestal lleva desde el 10 de marzo, por tanto, llevamos un poco m\u00e1s de mes y medio trabajando entre 87 censistas y supervisores que han estado desplegados por todo el territorio regional. En general, hemos tenido una buena recepci\u00f3n de los productos y productoras en el proceso. Hacemos el llamado a participar de este proceso, ya que el censo es una oportunidad para mostrar el valor de la actividad agr\u00edcola. Todos los datos son tratados con absoluta confidencialidad por la ley 17.374\u201d<\/p>\n<p>Con relaci\u00f3n a la estructura de la c\u00e9dula censal, esta consta de 280 preguntas agrupadas en 16 secciones. Las que ser\u00e1n aplicadas a todos los productores agr\u00edcolas, pecuarios y\/o forestales del pa\u00eds de manera din\u00e1mica y acotada a la realidad de cada encuestado, en la b\u00fasqueda de recabar informaci\u00f3n enfocada a la superficie plantada, existencia animal, tipo de maquinaria utilizada, pr\u00e1cticas de manejo medio ambiental, n\u00famero de trabajadores, sistema de agua de riego utilizada, entre otras.<\/p>\n<p>&nbsp;<\/p>\n","protected":false},"excerpt":{"rendered":"<p>La importancia de este censo radica principalmente en la actualizaci\u00f3n de datos y par\u00e1metros, con el fin de mejorar la toma de decisiones, considerando que el \u00faltimo levantamiento se realiz\u00f3 el a\u00f1o 2007<\/p>\n","protected":false},"author":2,"featured_media":4983,"comment_status":"open","ping_status":"open","sticky":false,"template":"","format":"standard","meta":{"footnotes":""},"categories":[6],"tags":[],"class_list":["post-4982","post","type-post","status-publish","format-standard","has-post-thumbnail","hentry","category-regionales"],"_links":{"self":[{"href":"https:\/\/www.radiolimari.cl\/index.php?rest_route=\/wp\/v2\/posts\/4982","targetHints":{"allow":["GET"]}}],"collection":[{"href":"https:\/\/www.radiolimari.cl\/index.php?rest_route=\/wp\/v2\/posts"}],"about":[{"href":"https:\/\/www.radiolimari.cl\/index.php?rest_route=\/wp\/v2\/types\/post"}],"author":[{"embeddable":true,"href":"https:\/\/www.radiolimari.cl\/index.php?rest_route=\/wp\/v2\/users\/2"}],"replies":[{"embeddable":true,"href":"https:\/\/www.radiolimari.cl\/index.php?rest_route=%2Fwp%2Fv2%2Fcomments&post=4982"}],"version-history":[{"count":1,"href":"https:\/\/www.radiolimari.cl\/index.php?rest_route=\/wp\/v2\/posts\/4982\/revisions"}],"predecessor-version":[{"id":4984,"href":"https:\/\/www.radiolimari.cl\/index.php?rest_route=\/wp\/v2\/posts\/4982\/revisions\/4984"}],"wp:featuredmedia":[{"embeddable":true,"href":"https:\/\/www.radiolimari.cl\/index.php?rest_route=\/wp\/v2\/media\/4983"}],"wp:attachment":[{"href":"https:\/\/www.radiolimari.cl\/index.php?rest_route=%2Fwp%2Fv2%2Fmedia&parent=4982"}],"wp:term":[{"taxonomy":"category","embeddable":true,"href":"https:\/\/www.radiolimari.cl\/index.php?rest_route=%2Fwp%2Fv2%2Fcategories&post=4982"},{"taxonomy":"post_tag","embeddable":true,"href":"https:\/\/www.radiolimari.cl\/index.php?rest_route=%2Fwp%2Fv2%2Ftags&post=4982"}],"curies":[{"name":"wp","href":"https:\/\/api.w.org\/{rel}","templated":true}]}}