{"id":4972,"date":"2021-04-29T19:25:35","date_gmt":"2021-04-29T19:25:35","guid":{"rendered":"http:\/\/www.radiolimari.cl\/?p=4972"},"modified":"2021-04-29T19:25:35","modified_gmt":"2021-04-29T19:25:35","slug":"llaman-a-respetar-feriado-irrenunciable-de-trabajadores-del-comercio-este-1-de-mayo","status":"publish","type":"post","link":"https:\/\/www.radiolimari.cl\/?p=4972","title":{"rendered":"Llaman a respetar feriado irrenunciable de trabajadores del comercio este 1 de mayo"},"content":{"rendered":"<p><a href=\"https:\/\/www.radiolimari.cl\/wp-content\/uploads\/2021\/04\/29.4-feriado-1-de-mayo.jpeg\"><img decoding=\"async\" class=\"alignnone size-medium wp-image-4973\" src=\"https:\/\/www.radiolimari.cl\/wp-content\/uploads\/2021\/04\/29.4-feriado-1-de-mayo-300x138.jpeg\" alt=\"29.4 feriado 1 de mayo\" width=\"300\" height=\"138\" srcset=\"https:\/\/www.radiolimari.cl\/wp-content\/uploads\/2021\/04\/29.4-feriado-1-de-mayo-300x138.jpeg 300w, https:\/\/www.radiolimari.cl\/wp-content\/uploads\/2021\/04\/29.4-feriado-1-de-mayo-1024x472.jpeg 1024w, https:\/\/www.radiolimari.cl\/wp-content\/uploads\/2021\/04\/29.4-feriado-1-de-mayo.jpeg 1280w\" sizes=\"(max-width: 300px) 100vw, 300px\" \/><\/a><\/p>\n<ul>\n<li><strong>Multas a empleadores que infrinjan el derecho a descanso de sus trabajadores pueden superar los 3 millones de pesos.<\/strong><\/li>\n<\/ul>\n<p><!--more--><\/p>\n<p>Un llamado a respetar el feriado obligatorio e irrenunciable en el comercio durante el pr\u00f3ximo s\u00e1bado 1\u00b0 de mayo hicieron las autoridades regionales \u00a0del Trabajo.<\/p>\n<p>\u201cEl 1\u00b0 de mayo es uno de los cinco feriados obligatorios e irrenunciables en el comercio, tal como el del 1\u00b0 de enero, 18 y 19 de septiembre y 25 de diciembre. En todos los casos, el feriado comienza a las 21.00 horas del d\u00eda anterior al festivo y termina a las 06:00 de la ma\u00f1ana del d\u00eda posterior, salvo los turnos rotativos, para los que rigen otros horarios. El llamado es a que la gente organice sus compras y que tenga claro que ning\u00fan supermercado podr\u00e1 funcionar este s\u00e1bado 1 de mayo\u201d, \u00a0indic\u00f3 el Seremi del Trabajo, Mat\u00edas Villalobos.<\/p>\n<p>Por su parte, el Director Regional del Trabajo, Rodrigo Fern\u00e1ndez, agreg\u00f3 que \u201cesta es una norma a favor de los trabajadores del comercio que ha tenido un satisfactorio cumplimiento en los \u00faltimos a\u00f1os, por lo que esperamos igual conducta en esta ocasi\u00f3n\u201d. \u00a0La autoridad record\u00f3 adem\u00e1s que las multas son altas \u201cy pueden superar los 3 millones de pesos. Los empleadores deben tener presente que no respetar el feriado es una infracci\u00f3n sancionada con multas aplicadas por cada trabajador sorprendido en infracci\u00f3n\u201d.<\/p>\n<p>Alfredo Vargas, Gerente de Jumbo La Serena, explic\u00f3 que \u201ceste es un derecho de los trabajadores, nosotros nos ce\u00f1imos a la normativa, todo nuestro equipo descansa ese d\u00eda. En esta ocasi\u00f3n cerraremos nuestras puertas el viernes 30 a las 19:00 y la reapertura ser\u00e1 el domingo 2 de mayo a las 09:00 hrs\u201d.<\/p>\n<p>&nbsp;<\/p>\n<p><strong>NORMAS<\/strong><\/p>\n<p>El feriado obligatorio e irrenunciable del 1\u00b0 de mayo impone que el comercio debe estar cerrado desde las 21:00 horas del viernes 30 de abril y hasta las 06:00 horas del domingo 2 de mayo, salvo que los dependientes laboren en turnos rotativos, caso en el cual estos podr\u00edan prestar servicios entre las 21:00 y las 00:00 horas del d\u00eda 30 de abril o entre 00:00 y las 06:00 del d\u00eda 2 de mayo cuando el respectivo turno incida en dichos per\u00edodos.<\/p>\n<p>Son favorecidos los trabajadores del comercio cuyas labores se relacionen con el expendio o venta directa al p\u00fablico y tambi\u00e9n quienes cumplen labores \u00edntimamente ligadas con esa funci\u00f3n, como cajeros y empaquetadores. No gozan de este beneficio quienes cumplen otras funciones no directamente ligadas con la venta. Por ejemplo: administrativas, de bodegaje, reposici\u00f3n y transporte de mercader\u00eda, vigilancia de seguridad.<\/p>\n<p>Se except\u00faan del feriado irrenunciable los trabajadores del comercio de clubes y restaurantes; establecimientos de entretenimiento (cines, espect\u00e1culos en vivo, discotecas, pub, cabaret), locales comerciales en los aer\u00f3dromos civiles p\u00fablicos y aeropuertos, casinos de juegos y otros lugares de juegos legalmente autorizados; y expendio de combustibles, farmacias de urgencia y farmacias que deban cumplir turnos fijados por la autoridad sanitaria. Tambi\u00e9n deben trabajar los dependientes de las llamadas \u00abtiendas de conveniencia\u00bb adosadas a los servicentros si venden alimentos preparados all\u00ed mismo.<\/p>\n<p>Todos estos trabajadores s\u00ed tendr\u00e1n derecho a tomar descanso a lo menos una vez cada dos a\u00f1os si contin\u00faan contratados por el mismo empleador, seg\u00fan la ley 20.918. En virtud de ella, los trabajadores pueden pactar con su empleador la rotaci\u00f3n del personal necesaria para este fin. Es decir, si un trabajador labor\u00f3 el 1\u00b0 de mayo del 2020 y contin\u00faa trabajando para el mismo empleador, esta vez deber\u00e1 descansar.<\/p>\n<p>Asimismo, las autoridades recordaron que los locales comerciales atendidos por sus propios due\u00f1os y\/o familiares directos pueden abrir porque no existe relaci\u00f3n laboral en este caso.<\/p>\n<p>&nbsp;<\/p>\n<p><strong>DENUNCIA<\/strong><strong>\u00a0<\/strong><\/p>\n<p>Los trabajadores y trabajadoras del comercio a los que no se les otorgue este feriado obligatorio e irrenunciable, puede ingresar su denuncia en <a href=\"http:\/\/www.direcciondeltrabajo.cl\">www.direcciondeltrabajo.cl<\/a>, portal Mi DT, usando su Clave \u00danica del Estado, entre las 20 horas del 30 de abril y las 20 horas del 1\u00b0 de mayo. Como medio comprobatorio debe registrar su asistencia al inicio y t\u00e9rmino de la jornada.<\/p>\n<p>&nbsp;<\/p>\n<p><strong>SANCIONES<\/strong><\/p>\n<p>En caso de no cumplir con este feriado obligatorio e irrenunciable, las infracciones ser\u00e1n sancionadas con multas que van desde las 5 UTM ($258.990 al mes de mayo de 2021) hasta 20 UTM ($1.035.960 al mes de mayo de 2021) por cada trabajador afectado por la infracci\u00f3n, considerando el n\u00famero de trabajadores total de la empresa. (Inc. final, Art. 2. Ley 19.973).<\/p>\n<p>De 1 a 49 trabajadores: 5 UTM por cada trabajador afectado.<\/p>\n<p>De 50 a 199 trabajadores: 10 UTM por cada trabajador afectado.<\/p>\n<p>200 o m\u00e1s trabajadores: 20 UTM por cada trabajador afectado.<\/p>\n<p>Los trabajadores sorprendidos en infracci\u00f3n deber\u00e1n cesar de inmediato sus turnos y abandonar su lugar de trabajo.<\/p>\n<p>&nbsp;<\/p>\n","protected":false},"excerpt":{"rendered":"<p>Multas a empleadores que infrinjan el derecho a descanso de sus trabajadores pueden superar los 3 millones de pesos.<\/p>\n","protected":false},"author":2,"featured_media":4973,"comment_status":"open","ping_status":"open","sticky":false,"template":"","format":"standard","meta":{"footnotes":""},"categories":[6],"tags":[],"class_list":["post-4972","post","type-post","status-publish","format-standard","has-post-thumbnail","hentry","category-regionales"],"_links":{"self":[{"href":"https:\/\/www.radiolimari.cl\/index.php?rest_route=\/wp\/v2\/posts\/4972","targetHints":{"allow":["GET"]}}],"collection":[{"href":"https:\/\/www.radiolimari.cl\/index.php?rest_route=\/wp\/v2\/posts"}],"about":[{"href":"https:\/\/www.radiolimari.cl\/index.php?rest_route=\/wp\/v2\/types\/post"}],"author":[{"embeddable":true,"href":"https:\/\/www.radiolimari.cl\/index.php?rest_route=\/wp\/v2\/users\/2"}],"replies":[{"embeddable":true,"href":"https:\/\/www.radiolimari.cl\/index.php?rest_route=%2Fwp%2Fv2%2Fcomments&post=4972"}],"version-history":[{"count":1,"href":"https:\/\/www.radiolimari.cl\/index.php?rest_route=\/wp\/v2\/posts\/4972\/revisions"}],"predecessor-version":[{"id":4974,"href":"https:\/\/www.radiolimari.cl\/index.php?rest_route=\/wp\/v2\/posts\/4972\/revisions\/4974"}],"wp:featuredmedia":[{"embeddable":true,"href":"https:\/\/www.radiolimari.cl\/index.php?rest_route=\/wp\/v2\/media\/4973"}],"wp:attachment":[{"href":"https:\/\/www.radiolimari.cl\/index.php?rest_route=%2Fwp%2Fv2%2Fmedia&parent=4972"}],"wp:term":[{"taxonomy":"category","embeddable":true,"href":"https:\/\/www.radiolimari.cl\/index.php?rest_route=%2Fwp%2Fv2%2Fcategories&post=4972"},{"taxonomy":"post_tag","embeddable":true,"href":"https:\/\/www.radiolimari.cl\/index.php?rest_route=%2Fwp%2Fv2%2Ftags&post=4972"}],"curies":[{"name":"wp","href":"https:\/\/api.w.org\/{rel}","templated":true}]}}