{"id":4960,"date":"2021-04-23T14:45:08","date_gmt":"2021-04-23T14:45:08","guid":{"rendered":"http:\/\/www.radiolimari.cl\/?p=4960"},"modified":"2021-04-23T14:45:08","modified_gmt":"2021-04-23T14:45:08","slug":"embalse-el-bato-esta-a-52-centimetros-de-ocupar-aguas-muertas-en-el-choapa","status":"publish","type":"post","link":"https:\/\/www.radiolimari.cl\/?p=4960","title":{"rendered":"Embalse El Bato est\u00e1 a 52 cent\u00edmetros de ocupar aguas muertas en el Choapa"},"content":{"rendered":"<p><a href=\"https:\/\/www.radiolimari.cl\/wp-content\/uploads\/2021\/04\/23.4-EL-BATO-03.jpg\"><img fetchpriority=\"high\" decoding=\"async\" class=\"alignnone size-medium wp-image-4961\" src=\"https:\/\/www.radiolimari.cl\/wp-content\/uploads\/2021\/04\/23.4-EL-BATO-03-300x225.jpg\" alt=\"23.4 EL BATO 03\" width=\"300\" height=\"225\" srcset=\"https:\/\/www.radiolimari.cl\/wp-content\/uploads\/2021\/04\/23.4-EL-BATO-03-300x225.jpg 300w, https:\/\/www.radiolimari.cl\/wp-content\/uploads\/2021\/04\/23.4-EL-BATO-03-1024x768.jpg 1024w, https:\/\/www.radiolimari.cl\/wp-content\/uploads\/2021\/04\/23.4-EL-BATO-03.jpg 1280w\" sizes=\"(max-width: 300px) 100vw, 300px\" \/><\/a><\/p>\n<p><strong><em>La situaci\u00f3n fue calificada como muy preocupante por el Gobernador de Choapa, quien lleg\u00f3 hasta el sector para conocer la situaci\u00f3n actual del embalse que alimenta el agua potable de la zona urbana de Illapel.<\/em><\/strong><!--more--><\/p>\n<p>Hasta el sector de El Bato, lugar donde se ubica el embalse de la misma denominaci\u00f3n, se desplaz\u00f3 el Gobernador de Choapa, Juan Pablo G\u00e1lvez, quien acompa\u00f1ado de personeros de la Junta de Vigilancia del r\u00edo Illapel y Direcci\u00f3n de Obras Hidr\u00e1ulicas a nivel provincial, visitaron la estructura, confirmando lo que desde hace tiempo es una triste realidad, que la capital provincial corre el riesgo de quedarse sin agua en las pr\u00f3ximas semanas.<\/p>\n<p>La situaci\u00f3n est\u00e1 tan compleja que las autoridades efectuaron un fuerte llamado a la comunidad a crear conciencia, a no desperdiciar el recurso y bajar el consumo de esta, tanto a nivel humano como agr\u00edcola, seg\u00fan se\u00f1al\u00f3 el Gobernador de Choapa, Juan Pablo G\u00e1lvez. <strong>\u201cAc\u00e1 hay un punto de inflexi\u00f3n, hoy d\u00eda Aguas del Valle por obligaci\u00f3n tiene que cumplir con el abastecimiento de agua potable para toda la poblaci\u00f3n, se est\u00e1n buscando varias alternativas, hay un convenio con la junta de vigilancia del rio Illapel, otra con la junta de vigilancia del rio Choapa. Se est\u00e1n haciendo trabajos adicionales para que en casos de emergencia se puedan extraer aguas de pozos constituidos por Aguas del Valle y esas alternativas nos dan seguridad, sobre todo para Illapel, esperamos que no llegue a pasar. Pero sin duda debemos trabajar para que cada una de esas alternativas sea viable para poder dar seguridad al sector urbano de Illapel\u201d<\/strong><\/p>\n<p>En tanto la presidenta de la Junta de Vigilancia del rio Illapel, Marcela Jeneral, se refiri\u00f3 a las labores que han venido desarrollando en esta materia. <strong>\u201cNosotros estamos hace mucho tiempo trabajando para poder alargar esta temporada, ya que siempre como Junta de Vigilancia hemos priorizado el agua para el consumo humano, entonces en esa v\u00eda se ha estado trabajando, conversando con nuestros agricultores donde hemos tenido una muy buena disposici\u00f3n de ellos para seguir priorizando este tema, adem\u00e1s, hacemos un llamado a la conciencia, estamos en una etapa cr\u00edtica, ya que mientras sentimos que est\u00e1 saliendo agua en nuestra llave, seguimos consumiendo a descontrol\u201d<\/strong><strong>\u00a0<\/strong><\/p>\n<p>Los participantes de la jornada reiteraron el llamado a la comunidad a cuidar el recurso h\u00eddrico, mientras intensifican los esfuerzos por evitar que la capital provincial del sector sur de la regi\u00f3n de Coquimbo, se quede sin agua en las pr\u00f3ximas semanas<\/p>\n<p>&nbsp;<\/p>\n","protected":false},"excerpt":{"rendered":"<p>La situaci\u00f3n fue calificada como muy preocupante por el Gobernador de Choapa, quien lleg\u00f3 hasta el sector para conocer la situaci\u00f3n actual del embalse que alimenta el agua potable de la zona urbana de Illapel.<\/p>\n","protected":false},"author":2,"featured_media":4961,"comment_status":"open","ping_status":"open","sticky":false,"template":"","format":"standard","meta":{"footnotes":""},"categories":[6],"tags":[],"class_list":["post-4960","post","type-post","status-publish","format-standard","has-post-thumbnail","hentry","category-regionales"],"_links":{"self":[{"href":"https:\/\/www.radiolimari.cl\/index.php?rest_route=\/wp\/v2\/posts\/4960","targetHints":{"allow":["GET"]}}],"collection":[{"href":"https:\/\/www.radiolimari.cl\/index.php?rest_route=\/wp\/v2\/posts"}],"about":[{"href":"https:\/\/www.radiolimari.cl\/index.php?rest_route=\/wp\/v2\/types\/post"}],"author":[{"embeddable":true,"href":"https:\/\/www.radiolimari.cl\/index.php?rest_route=\/wp\/v2\/users\/2"}],"replies":[{"embeddable":true,"href":"https:\/\/www.radiolimari.cl\/index.php?rest_route=%2Fwp%2Fv2%2Fcomments&post=4960"}],"version-history":[{"count":1,"href":"https:\/\/www.radiolimari.cl\/index.php?rest_route=\/wp\/v2\/posts\/4960\/revisions"}],"predecessor-version":[{"id":4962,"href":"https:\/\/www.radiolimari.cl\/index.php?rest_route=\/wp\/v2\/posts\/4960\/revisions\/4962"}],"wp:featuredmedia":[{"embeddable":true,"href":"https:\/\/www.radiolimari.cl\/index.php?rest_route=\/wp\/v2\/media\/4961"}],"wp:attachment":[{"href":"https:\/\/www.radiolimari.cl\/index.php?rest_route=%2Fwp%2Fv2%2Fmedia&parent=4960"}],"wp:term":[{"taxonomy":"category","embeddable":true,"href":"https:\/\/www.radiolimari.cl\/index.php?rest_route=%2Fwp%2Fv2%2Fcategories&post=4960"},{"taxonomy":"post_tag","embeddable":true,"href":"https:\/\/www.radiolimari.cl\/index.php?rest_route=%2Fwp%2Fv2%2Ftags&post=4960"}],"curies":[{"name":"wp","href":"https:\/\/api.w.org\/{rel}","templated":true}]}}