{"id":4957,"date":"2021-04-23T14:05:29","date_gmt":"2021-04-23T14:05:29","guid":{"rendered":"http:\/\/www.radiolimari.cl\/?p=4957"},"modified":"2021-04-23T14:05:29","modified_gmt":"2021-04-23T14:05:29","slug":"alta-cifra-detenidos-por-infracciones-sanitarias-durante-la-cuarentena-en-ovalle","status":"publish","type":"post","link":"https:\/\/www.radiolimari.cl\/?p=4957","title":{"rendered":"Alta cifra detenidos por infracciones sanitarias durante la cuarentena en Ovalle"},"content":{"rendered":"<p><a href=\"https:\/\/www.radiolimari.cl\/wp-content\/uploads\/2021\/04\/23.4-CONTROLES-2.jpg\"><img decoding=\"async\" class=\"alignnone size-medium wp-image-4958\" src=\"https:\/\/www.radiolimari.cl\/wp-content\/uploads\/2021\/04\/23.4-CONTROLES-2-300x160.jpg\" alt=\"23.4 CONTROLES (2)\" width=\"300\" height=\"160\" srcset=\"https:\/\/www.radiolimari.cl\/wp-content\/uploads\/2021\/04\/23.4-CONTROLES-2-300x160.jpg 300w, https:\/\/www.radiolimari.cl\/wp-content\/uploads\/2021\/04\/23.4-CONTROLES-2-1024x548.jpg 1024w, https:\/\/www.radiolimari.cl\/wp-content\/uploads\/2021\/04\/23.4-CONTROLES-2-620x330.jpg 620w\" sizes=\"(max-width: 300px) 100vw, 300px\" \/><\/a><\/p>\n<p><b style=\"color: #222222;\"><i>Autoridad provincial enfatiza en tener un f\u00e9rreo compromiso de la comunidad con el personal de salud.<\/i><\/b><!--more--><\/p>\n<p style=\"font-weight: 400;\">96\u00a0 detenidos por infracciones a la normativa sanitaria en Ovalle fueron informados por Carabineros, correspondientes a los 26 d\u00edas que dur\u00f3 la cuarentena en la capital provincial de Limar\u00ed. Cifras que se distribuyen en faltas como participar en actividades clandestinas (fiestas, partidos de futbol, etc), mal uso de instrumento p\u00fablico (permisos y salvoconductos), infringir el toque de queda y desplazarse sin permiso de desplazamiento.<\/p>\n<p style=\"font-weight: 400;\">\u201cSi pensamos que llevamos m\u00e1s de un a\u00f1o viviendo en modo covid, m\u00e1s de un a\u00f1o en que ya todos conocemos las medidas que hay que respetar para protegernos del virus, esta cifra de detenidos en tan solo un mes, nos demuestra claramente que hay personas que no se han comprometido con la salud de sus familias y de todos quienes forman parte de nuestra comunidad. Tenemos este contraste entre las personas que est\u00e1n d\u00eda y noche y en largos turnos de 16 y hasta 24 horas trabajando en el hospital con pacientes cr\u00edticos y por otra parte gente que vive\u00a0 sin considerar que estamos en una pandemia que ha cobrado la vida de cientos de personas en nuestro territorio\u201d, enfatiz\u00f3 el Gobernador Provincial de Limar\u00ed, Iv\u00e1n Espinoza.<\/p>\n<p style=\"font-weight: 400;\">Por ello, la m\u00e1xima autoridad provincial indic\u00f3 que\u00a0 \u201cuna vez m\u00e1s llamamos a todos a respetar la normativa sanitaria, a comprometernos en ayudar al personal de salud con nuestra actitud responsable y cuidarnos entre todos. Necesitamos reducir los contagios de covid, necesitamos hacer frente a la pandemia y cuidar a nuestras familias y la mejor manera es el autocuidado\u00a0 y el respeto a las normas sanitarias\u201d.<\/p>\n","protected":false},"excerpt":{"rendered":"<p>Autoridad provincial enfatiza en tener un f\u00e9rreo compromiso de la comunidad con el personal de salud.<\/p>\n","protected":false},"author":2,"featured_media":4958,"comment_status":"open","ping_status":"open","sticky":false,"template":"","format":"standard","meta":{"footnotes":""},"categories":[5],"tags":[],"class_list":["post-4957","post","type-post","status-publish","format-standard","has-post-thumbnail","hentry","category-actualidad-limarina"],"_links":{"self":[{"href":"https:\/\/www.radiolimari.cl\/index.php?rest_route=\/wp\/v2\/posts\/4957","targetHints":{"allow":["GET"]}}],"collection":[{"href":"https:\/\/www.radiolimari.cl\/index.php?rest_route=\/wp\/v2\/posts"}],"about":[{"href":"https:\/\/www.radiolimari.cl\/index.php?rest_route=\/wp\/v2\/types\/post"}],"author":[{"embeddable":true,"href":"https:\/\/www.radiolimari.cl\/index.php?rest_route=\/wp\/v2\/users\/2"}],"replies":[{"embeddable":true,"href":"https:\/\/www.radiolimari.cl\/index.php?rest_route=%2Fwp%2Fv2%2Fcomments&post=4957"}],"version-history":[{"count":1,"href":"https:\/\/www.radiolimari.cl\/index.php?rest_route=\/wp\/v2\/posts\/4957\/revisions"}],"predecessor-version":[{"id":4959,"href":"https:\/\/www.radiolimari.cl\/index.php?rest_route=\/wp\/v2\/posts\/4957\/revisions\/4959"}],"wp:featuredmedia":[{"embeddable":true,"href":"https:\/\/www.radiolimari.cl\/index.php?rest_route=\/wp\/v2\/media\/4958"}],"wp:attachment":[{"href":"https:\/\/www.radiolimari.cl\/index.php?rest_route=%2Fwp%2Fv2%2Fmedia&parent=4957"}],"wp:term":[{"taxonomy":"category","embeddable":true,"href":"https:\/\/www.radiolimari.cl\/index.php?rest_route=%2Fwp%2Fv2%2Fcategories&post=4957"},{"taxonomy":"post_tag","embeddable":true,"href":"https:\/\/www.radiolimari.cl\/index.php?rest_route=%2Fwp%2Fv2%2Ftags&post=4957"}],"curies":[{"name":"wp","href":"https:\/\/api.w.org\/{rel}","templated":true}]}}