{"id":4948,"date":"2021-04-22T14:13:49","date_gmt":"2021-04-22T14:13:49","guid":{"rendered":"http:\/\/www.radiolimari.cl\/?p=4948"},"modified":"2021-04-22T14:13:49","modified_gmt":"2021-04-22T14:13:49","slug":"en-la-region-de-coquimbo-ciencia-en-pandemia-adaptandose-a-la-realidad-para-continuar-investigando","status":"publish","type":"post","link":"https:\/\/www.radiolimari.cl\/?p=4948","title":{"rendered":"En la regi\u00f3n de Coquimbo Ciencia en pandemia: adapt\u00e1ndose a la realidad para continuar investigando"},"content":{"rendered":"<p><a href=\"https:\/\/www.radiolimari.cl\/wp-content\/uploads\/2021\/04\/22.4-Ciencia-en-pandemia_Mesa-de-trabajo-1-copia.jpg\"><img fetchpriority=\"high\" decoding=\"async\" class=\"alignnone size-medium wp-image-4949\" src=\"https:\/\/www.radiolimari.cl\/wp-content\/uploads\/2021\/04\/22.4-Ciencia-en-pandemia_Mesa-de-trabajo-1-copia-300x193.jpg\" alt=\"22.4 Ciencia en pandemia_Mesa de trabajo 1 copia\" width=\"300\" height=\"193\" srcset=\"https:\/\/www.radiolimari.cl\/wp-content\/uploads\/2021\/04\/22.4-Ciencia-en-pandemia_Mesa-de-trabajo-1-copia-300x193.jpg 300w, https:\/\/www.radiolimari.cl\/wp-content\/uploads\/2021\/04\/22.4-Ciencia-en-pandemia_Mesa-de-trabajo-1-copia.jpg 1009w\" sizes=\"(max-width: 300px) 100vw, 300px\" \/><\/a><\/p>\n<p>Pese a las restricciones sociales y las cuarentenas, los y las investigadoras locales han proseguido en su trabajo. Ya sea en aulas escolares o laboratorios, la ciencia no toma pausas y aprovecha el momento para acercarse a la ciudadan\u00eda.<!--more--><\/p>\n<p>Con la finalidad de indagar constantemente en b\u00fasqueda del conocimiento, la ciencia regional, tanto en el \u00e1mbito escolar, como en los laboratorios, ha continuado adelante. Al respecto, el Proyecto Explora Coquimbo del Ministerio de Ciencias, ejecutado por la Universidad Cat\u00f3lica del Norte recibi\u00f3 32 proyectos en la versi\u00f3n 2020 del Programa de Investigaci\u00f3n e Innovaci\u00f3n Escolar, IIE. Al respecto, la Encargada, Javiera Carvajal, destac\u00f3 que la imposibilidad de reunirse f\u00edsicamente no fue una barrera para los(as) escolares, pues la adaptaci\u00f3n es un factor clave para continuar haciendo ciencia, \u201cpues siempre es importante fomentar la investigaci\u00f3n, porque los estudiantes comprenden mejor el mundo que les rodea y pueden aportar y actuar para cambiar su c\u00edrculo m\u00e1s cercano\u201d.<\/p>\n<p>En tanto, Marcela Espinoza, Educadora B\u00e1sica del Saint Mary School de Coquimbo, quien en 2020, junto a sus estudiantes, present\u00f3 el proyecto &lt;&lt;Las enfermedades en la historia reflejadas en expresiones art\u00edsticas&gt;&gt; a IIE de Explora Coquimbo, relata que las restricciones de la pandemia no desalentaron las ganas de ellos y ellas por seguir aprendiendo, \u201cy aunque no pudimos vernos presencialmente, logramos desarrollar igualmente el proyecto\u201d. En este sentido, el m\u00e9todo VESS, propio del establecimiento, \u201calienta el aprender a observar, analizar, comparar, etc. Y en definitiva, permite ense\u00f1ar y potenciar el m\u00e9todo cient\u00edfico\u201d, concluye.<\/p>\n<p>En el \u00e1mbito de la academia, la adaptaci\u00f3n tambi\u00e9n ha resultado un factor trascendental, tal como indica el Doctor en Gen\u00e9tica de la U. Estadual Paulista de Brasil, Cristian Araya Jaime, quien es acad\u00e9mico e investigador del Instituto Multidisciplinar en Ciencia y Tecnolog\u00eda de la U. de La Serena. Seg\u00fan su experiencia, \u201clas restricciones de movilidad de la pandemia afectaron lo operacional, pues yo trabajo con fauna y peces, y necesito ir a terreno; sin embargo, en este periodo pude reflexionar y evaluar nuevas posibilidades que han dado frutos este a\u00f1o, a partir de datos que estamos obteniendo de gen\u00e9tica de peces marinos de importancia econ\u00f3mica, como la merluza\u201d, afirma.<\/p>\n<p>El cient\u00edfico subraya tambi\u00e9n que este periodo permiti\u00f3 un mayor acercamiento de la ciencia a la ciudadan\u00eda: \u201choy la gente mira a la ciencia como una disciplina que resuelve cosas; el mejor ejemplo fue la carrera por fabricar la vacuna contra el Covid-19, donde todos est\u00e1bamos pendientes. Asimismo, yo y otros cient\u00edficos participamos en campa\u00f1as de difusi\u00f3n, lo que permiti\u00f3 que la comunidad conociese a los investigadores regionales y a qu\u00e9 se dedican\u201d.<\/p>\n<p>&nbsp;<\/p>\n<p>&nbsp;<\/p>\n","protected":false},"excerpt":{"rendered":"<p>Pese a las restricciones sociales y las cuarentenas, los y las investigadoras locales han proseguido en su trabajo. Ya sea en aulas escolares o laboratorios, la ciencia no toma pausas y aprovecha el momento para acercarse a la ciudadan\u00eda.<\/p>\n","protected":false},"author":2,"featured_media":4949,"comment_status":"open","ping_status":"open","sticky":false,"template":"","format":"standard","meta":{"footnotes":""},"categories":[6],"tags":[],"class_list":["post-4948","post","type-post","status-publish","format-standard","has-post-thumbnail","hentry","category-regionales"],"_links":{"self":[{"href":"https:\/\/www.radiolimari.cl\/index.php?rest_route=\/wp\/v2\/posts\/4948","targetHints":{"allow":["GET"]}}],"collection":[{"href":"https:\/\/www.radiolimari.cl\/index.php?rest_route=\/wp\/v2\/posts"}],"about":[{"href":"https:\/\/www.radiolimari.cl\/index.php?rest_route=\/wp\/v2\/types\/post"}],"author":[{"embeddable":true,"href":"https:\/\/www.radiolimari.cl\/index.php?rest_route=\/wp\/v2\/users\/2"}],"replies":[{"embeddable":true,"href":"https:\/\/www.radiolimari.cl\/index.php?rest_route=%2Fwp%2Fv2%2Fcomments&post=4948"}],"version-history":[{"count":1,"href":"https:\/\/www.radiolimari.cl\/index.php?rest_route=\/wp\/v2\/posts\/4948\/revisions"}],"predecessor-version":[{"id":4950,"href":"https:\/\/www.radiolimari.cl\/index.php?rest_route=\/wp\/v2\/posts\/4948\/revisions\/4950"}],"wp:featuredmedia":[{"embeddable":true,"href":"https:\/\/www.radiolimari.cl\/index.php?rest_route=\/wp\/v2\/media\/4949"}],"wp:attachment":[{"href":"https:\/\/www.radiolimari.cl\/index.php?rest_route=%2Fwp%2Fv2%2Fmedia&parent=4948"}],"wp:term":[{"taxonomy":"category","embeddable":true,"href":"https:\/\/www.radiolimari.cl\/index.php?rest_route=%2Fwp%2Fv2%2Fcategories&post=4948"},{"taxonomy":"post_tag","embeddable":true,"href":"https:\/\/www.radiolimari.cl\/index.php?rest_route=%2Fwp%2Fv2%2Ftags&post=4948"}],"curies":[{"name":"wp","href":"https:\/\/api.w.org\/{rel}","templated":true}]}}