{"id":4939,"date":"2021-04-21T21:41:13","date_gmt":"2021-04-21T21:41:13","guid":{"rendered":"http:\/\/www.radiolimari.cl\/?p=4939"},"modified":"2021-04-21T21:41:13","modified_gmt":"2021-04-21T21:41:13","slug":"subsecretaria-de-salud-publica-refuerza-estrategia-tta-en-la-region-de-coquimbo","status":"publish","type":"post","link":"https:\/\/www.radiolimari.cl\/?p=4939","title":{"rendered":"Subsecretaria de Salud P\u00fablica refuerza estrategia TTA en la regi\u00f3n de Coquimbo"},"content":{"rendered":"<p><a href=\"https:\/\/www.radiolimari.cl\/wp-content\/uploads\/2021\/04\/21.4-daza.jpg\"><img fetchpriority=\"high\" decoding=\"async\" class=\"alignnone size-medium wp-image-4940\" src=\"https:\/\/www.radiolimari.cl\/wp-content\/uploads\/2021\/04\/21.4-daza-300x199.jpg\" alt=\"21.4 daza\" width=\"300\" height=\"199\" srcset=\"https:\/\/www.radiolimari.cl\/wp-content\/uploads\/2021\/04\/21.4-daza-300x199.jpg 300w, https:\/\/www.radiolimari.cl\/wp-content\/uploads\/2021\/04\/21.4-daza.jpg 1024w\" sizes=\"(max-width: 300px) 100vw, 300px\" \/><\/a><\/p>\n<p>La autoridad visit\u00f3 un nuevo centro que realiza test de ant\u00edgenos, present\u00f3 un nuevo laboratorio m\u00f3vil para B\u00fasqueda Activa de Casos e inaugur\u00f3 una Residencia Sanitaria.<!--more--><\/p>\n<p>La subsecretaria de Salud P\u00fablica, Paula Daza, visit\u00f3 hoy la regi\u00f3n de Coquimbo, donde anunci\u00f3 el fortalecimiento de la estrategia de Testeo, Trazabilidad y Aislamiento en la zona. Entre sus actividades, visit\u00f3 el Cesfam Lila Cort\u00e9s, que desde esta semana comenz\u00f3 a realizar test de ant\u00edgeno, cuyo resultado se obtiene en 30 minutos y permite indicar aislamiento inmediato y realizar la trazabilidad en el mismo momento.<\/p>\n<p>Este centro se suma al Cesfam Cardenal Caro de La Serena, que ya est\u00e1 operativo y al Cesfam Monte Patria que comienza el viernes realizar este examen. \u201cDesde que comenzamos a aplicar el test de ant\u00edgeno a nivel nacional, hemos realizado hasta el 19 de abril un total de 60.945 ex\u00e1menes, en donde 11.642 dieron positivos, con una positividad de 19%\u201d, explic\u00f3 la subsecretaria Daza. Y agreg\u00f3 que \u201cac\u00e1 en la regi\u00f3n llevamos 52 test de ant\u00edgenos realizados, con un total de 09 positivos\u201d, En la visita, en la que tambi\u00e9n participaron el intendente Pablo Herman y el seremi de Salud, Alejandro Garc\u00eda, se present\u00f3 un nuevo laboratorio m\u00f3vil de PCR para la B\u00fasqueda Activa de Casos.<\/p>\n<p>Este se ubicar\u00e1 principalmente en lugares con mayor afluencia de p\u00fablico, como Juntas de vecinos, supermercados y centros comerciales, entre otros y est\u00e1 orientado a personas asintom\u00e1ticas que podr\u00edan tener COVID-19 La subsecretaria Daza, adem\u00e1s, inaugur\u00f3 una nueva Residencia Sanitaria en el Hotel La Serena Club.<\/p>\n<p>Se trata del establecimiento m\u00e1s grande de la zona, con 144 camas disponibles, que permite ampliar en 28,3% la capacidad regional.<\/p>\n<p>El seremi de Salud de Coquimbo, Alejandro Garc\u00eda, detall\u00f3 que \u201cesta es una de las 9 residencias sanitarias de la regi\u00f3n, tenemos 6 en la provincia del Elqui, dos en la provincia del Limar\u00ed y una en la provincia del Choapa, prontamente vamos a abrir otra en la provincia del Choapa.<\/p>\n<p>Son 650 camas y es parte de la estrategia que estamos realizando, como gobierno, para poder detectar y trasladar, a los vecinos que dan positivo en los test\u201d.<\/p>\n<p>En tanto, la subsecretaria Paula Daza explic\u00f3 que, \u201cla estrategia de aislamiento es el pilar esencial para poder contener la pandemia y seguir avanzando. Esta es la novena residencia de la regi\u00f3n y la m\u00e1s grande que permite no solamente aislar a las personas para poder darles seguridad de disminuir los contagios, sino que adem\u00e1s cuenta con profesionales de la salud y en caso que se requiera, se puede trasladar a la persona un servicio de urgencia\u201d.<\/p>\n<p>La autoridad sanitaria record\u00f3 que para ingresar a uno de estos recintos hay que llamar al tel\u00e9fono 800 726 666, donde r\u00e1pidamente se gestionar\u00e1 una habitaci\u00f3n. Vacunaci\u00f3n La subsecretaria tambi\u00e9n lleg\u00f3 hasta el vacunatorio del Coliseo Monumental de La Serena, donde hizo un llamado a que las personas a las que les corresponde por calendario, acudan a administrarse su segunda dosis contra el COVID-19.<\/p>\n<p>Respecto del avance del proceso de vacunaci\u00f3n en la regi\u00f3n, a la fecha se han administrado 320.180 primeras dosis y 221.310 segundas dosis, \u201cQueremos seguir invitando y pidi\u00e9ndole a los vecinos que se acerquen, que se vengan a vacunar y, sobre todo a las personas que tienen que vacunarse con una segunda dosis. Recordemos que el proceso de vacunaci\u00f3n se termina con la segunda dosis\u201d, enfatiz\u00f3 el intendente Herman.<\/p>\n<p>En cuanto a la vacunaci\u00f3n contra la Influenza, ya se han inmunizado 51.507 personas, representando un 12,93% de cobertura a nivel regional. La m\u00e1s alta cobertura por grupo etario es el comprendido por mayores de 65 a\u00f1os con 29.323 personas inoculadas<\/p>\n","protected":false},"excerpt":{"rendered":"<p>La autoridad visit\u00f3 un nuevo centro que realiza test de ant\u00edgenos, present\u00f3 un nuevo laboratorio m\u00f3vil para B\u00fasqueda Activa de Casos e inaugur\u00f3 una Residencia Sanitaria.<\/p>\n","protected":false},"author":2,"featured_media":4940,"comment_status":"open","ping_status":"open","sticky":false,"template":"","format":"standard","meta":{"footnotes":""},"categories":[3],"tags":[],"class_list":["post-4939","post","type-post","status-publish","format-standard","has-post-thumbnail","hentry","category-actualidad"],"_links":{"self":[{"href":"https:\/\/www.radiolimari.cl\/index.php?rest_route=\/wp\/v2\/posts\/4939","targetHints":{"allow":["GET"]}}],"collection":[{"href":"https:\/\/www.radiolimari.cl\/index.php?rest_route=\/wp\/v2\/posts"}],"about":[{"href":"https:\/\/www.radiolimari.cl\/index.php?rest_route=\/wp\/v2\/types\/post"}],"author":[{"embeddable":true,"href":"https:\/\/www.radiolimari.cl\/index.php?rest_route=\/wp\/v2\/users\/2"}],"replies":[{"embeddable":true,"href":"https:\/\/www.radiolimari.cl\/index.php?rest_route=%2Fwp%2Fv2%2Fcomments&post=4939"}],"version-history":[{"count":1,"href":"https:\/\/www.radiolimari.cl\/index.php?rest_route=\/wp\/v2\/posts\/4939\/revisions"}],"predecessor-version":[{"id":4941,"href":"https:\/\/www.radiolimari.cl\/index.php?rest_route=\/wp\/v2\/posts\/4939\/revisions\/4941"}],"wp:featuredmedia":[{"embeddable":true,"href":"https:\/\/www.radiolimari.cl\/index.php?rest_route=\/wp\/v2\/media\/4940"}],"wp:attachment":[{"href":"https:\/\/www.radiolimari.cl\/index.php?rest_route=%2Fwp%2Fv2%2Fmedia&parent=4939"}],"wp:term":[{"taxonomy":"category","embeddable":true,"href":"https:\/\/www.radiolimari.cl\/index.php?rest_route=%2Fwp%2Fv2%2Fcategories&post=4939"},{"taxonomy":"post_tag","embeddable":true,"href":"https:\/\/www.radiolimari.cl\/index.php?rest_route=%2Fwp%2Fv2%2Ftags&post=4939"}],"curies":[{"name":"wp","href":"https:\/\/api.w.org\/{rel}","templated":true}]}}