{"id":4918,"date":"2021-04-21T14:33:25","date_gmt":"2021-04-21T14:33:25","guid":{"rendered":"http:\/\/www.radiolimari.cl\/?p=4918"},"modified":"2021-04-21T14:33:25","modified_gmt":"2021-04-21T14:33:25","slug":"gobernador-llama-a-evitar-reuniones-sociales-en-fase-2-en-la-provincia-de-limari","status":"publish","type":"post","link":"https:\/\/www.radiolimari.cl\/?p=4918","title":{"rendered":"Gobernador  llama  a evitar reuniones sociales en Fase 2 en la Provincia de Limar\u00ed"},"content":{"rendered":"<p><a href=\"https:\/\/www.radiolimari.cl\/wp-content\/uploads\/2021\/04\/21.4-GOBERNADOR-IVAN-ESPINOZA-3.jpeg\"><img fetchpriority=\"high\" decoding=\"async\" class=\"alignnone size-medium wp-image-4919\" src=\"https:\/\/www.radiolimari.cl\/wp-content\/uploads\/2021\/04\/21.4-GOBERNADOR-IVAN-ESPINOZA-3-300x224.jpeg\" alt=\"21.4 GOBERNADOR IVAN ESPINOZA (3)\" width=\"300\" height=\"224\" srcset=\"https:\/\/www.radiolimari.cl\/wp-content\/uploads\/2021\/04\/21.4-GOBERNADOR-IVAN-ESPINOZA-3-300x224.jpeg 300w, https:\/\/www.radiolimari.cl\/wp-content\/uploads\/2021\/04\/21.4-GOBERNADOR-IVAN-ESPINOZA-3-1024x766.jpeg 1024w, https:\/\/www.radiolimari.cl\/wp-content\/uploads\/2021\/04\/21.4-GOBERNADOR-IVAN-ESPINOZA-3.jpeg 1280w\" sizes=\"(max-width: 300px) 100vw, 300px\" \/><\/a><\/p>\n<p><b style=\"color: #222222;\"><i>Gobernador de Limar\u00ed remarca que reuniones sociales y familiares con el principal foco de contagio de coronavirus.<\/i><\/b><!--more--><\/p>\n<p style=\"font-weight: 400;\">Con el cambio de fase de la capital provincial Ovalle a contar del jueves 22 de abril\u00a0 y de Monte Patria desde el 19 de abril, ambas comunas\u00a0 a Transici\u00f3n, queda atr\u00e1s la cuarentena que dur\u00f3 aproximadamente un mes.<\/p>\n<p style=\"font-weight: 400;\">Sin embargo, lejos de significar un relajo para la ciudadan\u00eda, el llamado de la autoridad es a reforzar las medidas de autocuidado para seguir avanzando de fase, evitar caer nuevamente en cuarentena y lo m\u00e1s importante, disminuir las cifras de contagios de coronavirus en la provincia de Limar\u00ed.<\/p>\n<p style=\"font-weight: 400;\">\u201cSabemos que el principal motivo de aumento de contagios son las reuniones familiares y juntas sociales que se han seguido produciendo incluso en cuarentena. Hemos recibido denunciadas de fiestas clandestinas y reuniones de personas que ponen en riesgo la salud de todos. Por eso, con este cambio de fase que es menos restrictiva, el llamado que hacemos es a ser responsables, evitar salir de casa a menos que sea posible, respetar los aforos, la distancia f\u00edsica y el uso de mascarillas. Lo hemos reiterado desde el principio de la pandemia y lo seguiremos haciendo: el autocuidado es la \u00fanica manera en que podemos superar esta compleja situaci\u00f3n\u201d.<\/p>\n<p style=\"font-weight: 400;\">A la fecha de este informe Ovalle cuenta con un total de 124 casos activos mientras que Monte Patria cuenta con 36; contagios que se esperan disminuir con el compromiso y responsabilidad de todos.<\/p>\n<p style=\"font-weight: 400;\">Es importante recordar que en Fase 2 est\u00e1n prohibidas las reuniones en residencias particulares de m\u00e1s de 5 personas y cualquier evento o reuni\u00f3n durante el horario de toque de queda, o los s\u00e1bados, domingos y festivos.<\/p>\n<p style=\"font-weight: 400;\">Adem\u00e1s, est\u00e1n prohibidas las actividades con p\u00fablico, restaurantes o caf\u00e9s en espacios cerrados, lugares deportivos cerrados y gimnasios, el consumo de alimentos en lugares cerrados de centros comerciales, el funcionamiento de Clubes de Adultos Mayores y pubs, discotecas y lugares an\u00e1logos.<\/p>\n","protected":false},"excerpt":{"rendered":"<p>Gobernador de Limar\u00ed remarca que reuniones sociales y familiares con el principal foco de contagio de coronavirus.<\/p>\n","protected":false},"author":2,"featured_media":4919,"comment_status":"open","ping_status":"open","sticky":false,"template":"","format":"standard","meta":{"footnotes":""},"categories":[5],"tags":[],"class_list":["post-4918","post","type-post","status-publish","format-standard","has-post-thumbnail","hentry","category-actualidad-limarina"],"_links":{"self":[{"href":"https:\/\/www.radiolimari.cl\/index.php?rest_route=\/wp\/v2\/posts\/4918","targetHints":{"allow":["GET"]}}],"collection":[{"href":"https:\/\/www.radiolimari.cl\/index.php?rest_route=\/wp\/v2\/posts"}],"about":[{"href":"https:\/\/www.radiolimari.cl\/index.php?rest_route=\/wp\/v2\/types\/post"}],"author":[{"embeddable":true,"href":"https:\/\/www.radiolimari.cl\/index.php?rest_route=\/wp\/v2\/users\/2"}],"replies":[{"embeddable":true,"href":"https:\/\/www.radiolimari.cl\/index.php?rest_route=%2Fwp%2Fv2%2Fcomments&post=4918"}],"version-history":[{"count":1,"href":"https:\/\/www.radiolimari.cl\/index.php?rest_route=\/wp\/v2\/posts\/4918\/revisions"}],"predecessor-version":[{"id":4920,"href":"https:\/\/www.radiolimari.cl\/index.php?rest_route=\/wp\/v2\/posts\/4918\/revisions\/4920"}],"wp:featuredmedia":[{"embeddable":true,"href":"https:\/\/www.radiolimari.cl\/index.php?rest_route=\/wp\/v2\/media\/4919"}],"wp:attachment":[{"href":"https:\/\/www.radiolimari.cl\/index.php?rest_route=%2Fwp%2Fv2%2Fmedia&parent=4918"}],"wp:term":[{"taxonomy":"category","embeddable":true,"href":"https:\/\/www.radiolimari.cl\/index.php?rest_route=%2Fwp%2Fv2%2Fcategories&post=4918"},{"taxonomy":"post_tag","embeddable":true,"href":"https:\/\/www.radiolimari.cl\/index.php?rest_route=%2Fwp%2Fv2%2Ftags&post=4918"}],"curies":[{"name":"wp","href":"https:\/\/api.w.org\/{rel}","templated":true}]}}