{"id":4909,"date":"2021-04-20T15:36:09","date_gmt":"2021-04-20T15:36:09","guid":{"rendered":"http:\/\/www.radiolimari.cl\/?p=4909"},"modified":"2021-04-20T15:36:09","modified_gmt":"2021-04-20T15:36:09","slug":"aprueban-parque-fotovoltaico-de-14-millones-de-dolares-en-ovalle","status":"publish","type":"post","link":"https:\/\/www.radiolimari.cl\/?p=4909","title":{"rendered":"Aprueban parque fotovoltaico de 14 millones de d\u00f3lares en Ovalle"},"content":{"rendered":"<p><a href=\"https:\/\/www.radiolimari.cl\/wp-content\/uploads\/2021\/04\/Paneles-Solar.jpg\"><img fetchpriority=\"high\" decoding=\"async\" class=\"alignnone size-medium wp-image-4910\" src=\"https:\/\/www.radiolimari.cl\/wp-content\/uploads\/2021\/04\/Paneles-Solar-300x218.jpg\" alt=\"Paneles Solar\" width=\"300\" height=\"218\" srcset=\"https:\/\/www.radiolimari.cl\/wp-content\/uploads\/2021\/04\/Paneles-Solar-300x218.jpg 300w, https:\/\/www.radiolimari.cl\/wp-content\/uploads\/2021\/04\/Paneles-Solar.jpg 990w\" sizes=\"(max-width: 300px) 100vw, 300px\" \/><\/a><\/p>\n<p><b style=\"color: #000000;\"><i>Central de energ\u00eda renovable permitir\u00e1 abastecer el consumo de 9 mil hogares de la Regi\u00f3n.<\/i><\/b><!--more--><\/p>\n<div style=\"color: #000000;\">La comuna de Ovalle y la Regi\u00f3n de Coquimbo sigue sumando futuros proyectos energ\u00e9ticos a los ya existentes, luego de que la Comisi\u00f3n de Evaluaci\u00f3n Ambiental de Coquimbo, presidida por el Intendente Pablo Herman, aprobara la declaraci\u00f3n de un parque solar en la comuna de Ovalle.<\/div>\n<div style=\"color: #000000;\"><\/div>\n<div style=\"color: #000000;\">Se trata del proyecto fotovoltaico Los Nogales, de 9 MW de capacidad instalada, potencia que ser\u00e1 posible con la instalaci\u00f3n de 25.230 paneles sobre seguidores. El titular destinar\u00e1 una inversi\u00f3n de 14 millones de d\u00f3lares para esta iniciativa que tendr\u00e1 una vida \u00fatil de 30 a\u00f1os y la posibilidad de generar 54 empleos para labores de construcci\u00f3n y operaci\u00f3n del mismo.<\/div>\n<div style=\"color: #000000;\"><\/div>\n<div style=\"color: #000000;\">La central \u2013 cuya generaci\u00f3n permitir\u00e1 abastecer el consumo de 9 mil hogares &#8211; estar\u00e1 emplazada en una superficie de 17 hect\u00e1reas en la comuna de Ovalle y entre sus obras tambi\u00e9n considera una l\u00ednea de evacuaci\u00f3n de la energ\u00eda, de media tensi\u00f3n, de 23 kV.<\/div>\n<div style=\"color: #000000;\"><\/div>\n<div style=\"color: #000000;\">El Intendente Pablo Herman, sostuvo que \u201cesto demuestra la gran apertura que tiene nuestra regi\u00f3n hacia las energ\u00edas renovables. Estamos potenciando cada vez m\u00e1s el uso de uno de nuestros mayores recursos para desarrollar soluciones que nos permitan afrontar de mejor manera el cambio clim\u00e1tico, diversificar nuestra matriz energ\u00e9tica y atraer inversiones que nos permitan seguir adelante con la reactivaci\u00f3n econ\u00f3mica\u00bb.<\/div>\n<div style=\"color: #000000;\"><\/div>\n<div style=\"color: #000000;\">El Seremi de Energ\u00eda, \u00c1lvaro Herrera, manifest\u00f3 su conformidad con la aprobaci\u00f3n de este proyecto fotovoltaico. \u201cValoramos que una nueva central de energ\u00eda renovable haya obtenido su resoluci\u00f3n de calificaci\u00f3n favorable. Es una iniciativa que convive perfectamente con el medio ambiente y la comunidad, que sin duda nos va a permitir contar con una matriz energ\u00e9tica mucho m\u00e1s limpia y sustentable, y seguir aportando a los objetivos propuestos en el Plan de Descarbonizaci\u00f3n\u201d, precis\u00f3.<\/div>\n<div style=\"color: #000000;\"><\/div>\n<div style=\"color: #000000;\">Desde 2018 a la fecha, los proyectos de energ\u00eda aprobados por la Comisi\u00f3n de Evaluaci\u00f3n Ambiental de Coquimbo suman 32 iniciativas, considerando una inversi\u00f3n estimada de 831 millones de d\u00f3lares y 1004 MW de capacidad instalada de generaci\u00f3n.<\/div>\n<div style=\"color: #000000;\"><\/div>\n<div style=\"color: #000000;\">En el caso de este proyecto, considerado un Peque\u00f1o Medio de Generaci\u00f3n Distribuida (PMGD), su relevancia es que permitir\u00e1 la inyecci\u00f3n de la energ\u00eda a los centros de consumo m\u00e1s cercanos, en los momentos en que haya disponibilidad del recurso solar.<\/div>\n<div class=\"yj6qo\" style=\"color: #000000;\"><\/div>\n<p>&nbsp;<\/p>\n","protected":false},"excerpt":{"rendered":"<p>Central de energ\u00eda renovable permitir\u00e1 abastecer el consumo de 9 mil hogares de la Regi\u00f3n.<\/p>\n","protected":false},"author":2,"featured_media":4910,"comment_status":"open","ping_status":"open","sticky":false,"template":"","format":"standard","meta":{"footnotes":""},"categories":[5],"tags":[],"class_list":["post-4909","post","type-post","status-publish","format-standard","has-post-thumbnail","hentry","category-actualidad-limarina"],"_links":{"self":[{"href":"https:\/\/www.radiolimari.cl\/index.php?rest_route=\/wp\/v2\/posts\/4909","targetHints":{"allow":["GET"]}}],"collection":[{"href":"https:\/\/www.radiolimari.cl\/index.php?rest_route=\/wp\/v2\/posts"}],"about":[{"href":"https:\/\/www.radiolimari.cl\/index.php?rest_route=\/wp\/v2\/types\/post"}],"author":[{"embeddable":true,"href":"https:\/\/www.radiolimari.cl\/index.php?rest_route=\/wp\/v2\/users\/2"}],"replies":[{"embeddable":true,"href":"https:\/\/www.radiolimari.cl\/index.php?rest_route=%2Fwp%2Fv2%2Fcomments&post=4909"}],"version-history":[{"count":1,"href":"https:\/\/www.radiolimari.cl\/index.php?rest_route=\/wp\/v2\/posts\/4909\/revisions"}],"predecessor-version":[{"id":4911,"href":"https:\/\/www.radiolimari.cl\/index.php?rest_route=\/wp\/v2\/posts\/4909\/revisions\/4911"}],"wp:featuredmedia":[{"embeddable":true,"href":"https:\/\/www.radiolimari.cl\/index.php?rest_route=\/wp\/v2\/media\/4910"}],"wp:attachment":[{"href":"https:\/\/www.radiolimari.cl\/index.php?rest_route=%2Fwp%2Fv2%2Fmedia&parent=4909"}],"wp:term":[{"taxonomy":"category","embeddable":true,"href":"https:\/\/www.radiolimari.cl\/index.php?rest_route=%2Fwp%2Fv2%2Fcategories&post=4909"},{"taxonomy":"post_tag","embeddable":true,"href":"https:\/\/www.radiolimari.cl\/index.php?rest_route=%2Fwp%2Fv2%2Ftags&post=4909"}],"curies":[{"name":"wp","href":"https:\/\/api.w.org\/{rel}","templated":true}]}}