{"id":4894,"date":"2021-04-17T15:51:14","date_gmt":"2021-04-17T15:51:14","guid":{"rendered":"http:\/\/www.radiolimari.cl\/?p=4894"},"modified":"2021-04-17T15:51:14","modified_gmt":"2021-04-17T15:51:14","slug":"en-ovalle-alrededor-de-5-mil-personas-se-han-vacunado-contra-la-influenza","status":"publish","type":"post","link":"https:\/\/www.radiolimari.cl\/?p=4894","title":{"rendered":"En Ovalle Alrededor de 5 mil personas se han vacunado contra la Influenza"},"content":{"rendered":"<p><a href=\"https:\/\/www.radiolimari.cl\/wp-content\/uploads\/2021\/04\/17.4-Vacuna-influenza-1.jpg\"><img fetchpriority=\"high\" decoding=\"async\" class=\"alignnone size-medium wp-image-4895\" src=\"https:\/\/www.radiolimari.cl\/wp-content\/uploads\/2021\/04\/17.4-Vacuna-influenza-1-300x225.jpg\" alt=\"17.4 Vacuna influenza (1)\" width=\"300\" height=\"225\" srcset=\"https:\/\/www.radiolimari.cl\/wp-content\/uploads\/2021\/04\/17.4-Vacuna-influenza-1-300x225.jpg 300w, https:\/\/www.radiolimari.cl\/wp-content\/uploads\/2021\/04\/17.4-Vacuna-influenza-1-1024x768.jpg 1024w\" sizes=\"(max-width: 300px) 100vw, 300px\" \/><\/a><\/p>\n<p><strong><em>Si bien ha sido un proceso lento, producto de la pandemia y la parcelaci\u00f3n de grupos etarios, la vacunaci\u00f3n ha avanzado en la comuna de Ovalle. Recordemos, que esta campa\u00f1a se extender\u00e1 hasta el mes de junio o hasta alcanzar al menos el 85% de la poblaci\u00f3n objetivo. <\/em><\/strong><!--more--><\/p>\n<p>El pasado 5 de abril se inici\u00f3 la campa\u00f1a de vacunaci\u00f3n contra la Influenza en Ovalle, iniciativa del ministerio de Salud que busca proteger a la poblaci\u00f3n de mayor riesgo, de los efectos graves de este virus que aparece durante el invierno y que en algunos casos puede provocar la muerte.<\/p>\n<p>Ha sido un proceso m\u00e1s lento de lo com\u00fan, debido a las medidas sanitarias producto de la pandemia y por la decisi\u00f3n que tom\u00f3 el Gobierno de parcelar, a trav\u00e9s de un calendario oficial, la inoculaci\u00f3n. De todos modos, en Ovalle, hasta la fecha, se han vacunado 4.968 personas, de las cuales m\u00e1s de 3 mil corresponden a adultos mayores, quienes han respondido al llamado de las autoridades.<\/p>\n<p>Recordemos, que la \u201cPoblaci\u00f3n Objetivo\u201d que deber\u00e1 vacunarse contra la Influenza la integra el personal de salud del \u00e1rea p\u00fablica y privada, las personas de 65 a\u00f1os y m\u00e1s, los ni\u00f1os y ni\u00f1as desde los 6 meses hasta los que cursan Quinto a\u00f1o b\u00e1sico, mujeres embarazadas en cualquier etapa de gestaci\u00f3n, enfermos cr\u00f3nicos desde los 11 hasta los 64 a\u00f1os y trabajadores de av\u00edcolas y de criadero de cerdos.<\/p>\n<p>Es importante que quienes integran el grupo de mayor riesgo se vacunen, puesto que de esta manera \u201cse genera una protecci\u00f3n contra episodios que sean severos, es decir, que la persona que se contagie pueda terminar en una Unidad de Cuidados Intensivos (UCI) con un episodio grave o que derechamente pierda la vida, producto de esta enfermedad\u201d indic\u00f3 el asesor m\u00e9dico del departamento de Salud Municipal, Diego Pe\u00f1ailillo.<\/p>\n<p>En la regi\u00f3n de Coquimbo se deben vacunar 375 mil personas, en la provincia del Limar\u00ed m\u00e1s de 78 mil y en la comuna de Ovalle m\u00e1s de 48 mil personas pertenecientes a los grupos objetivos.<\/p>\n<p>Este proceso se extender\u00e1 hasta el 5 de junio del presente a\u00f1o o hasta que se alcance una cobertura equivalente al 85% de la poblaci\u00f3n objetivo.<\/p>\n","protected":false},"excerpt":{"rendered":"<p>Si bien ha sido un proceso lento, producto de la pandemia y la parcelaci\u00f3n de grupos etarios, la vacunaci\u00f3n ha avanzado en la comuna de Ovalle. Recordemos, que esta campa\u00f1a se extender\u00e1 hasta el mes de junio o hasta alcanzar al menos el 85% de la poblaci\u00f3n objetivo.<\/p>\n","protected":false},"author":2,"featured_media":4895,"comment_status":"open","ping_status":"open","sticky":false,"template":"","format":"standard","meta":{"footnotes":""},"categories":[5],"tags":[],"class_list":["post-4894","post","type-post","status-publish","format-standard","has-post-thumbnail","hentry","category-actualidad-limarina"],"_links":{"self":[{"href":"https:\/\/www.radiolimari.cl\/index.php?rest_route=\/wp\/v2\/posts\/4894","targetHints":{"allow":["GET"]}}],"collection":[{"href":"https:\/\/www.radiolimari.cl\/index.php?rest_route=\/wp\/v2\/posts"}],"about":[{"href":"https:\/\/www.radiolimari.cl\/index.php?rest_route=\/wp\/v2\/types\/post"}],"author":[{"embeddable":true,"href":"https:\/\/www.radiolimari.cl\/index.php?rest_route=\/wp\/v2\/users\/2"}],"replies":[{"embeddable":true,"href":"https:\/\/www.radiolimari.cl\/index.php?rest_route=%2Fwp%2Fv2%2Fcomments&post=4894"}],"version-history":[{"count":1,"href":"https:\/\/www.radiolimari.cl\/index.php?rest_route=\/wp\/v2\/posts\/4894\/revisions"}],"predecessor-version":[{"id":4896,"href":"https:\/\/www.radiolimari.cl\/index.php?rest_route=\/wp\/v2\/posts\/4894\/revisions\/4896"}],"wp:featuredmedia":[{"embeddable":true,"href":"https:\/\/www.radiolimari.cl\/index.php?rest_route=\/wp\/v2\/media\/4895"}],"wp:attachment":[{"href":"https:\/\/www.radiolimari.cl\/index.php?rest_route=%2Fwp%2Fv2%2Fmedia&parent=4894"}],"wp:term":[{"taxonomy":"category","embeddable":true,"href":"https:\/\/www.radiolimari.cl\/index.php?rest_route=%2Fwp%2Fv2%2Fcategories&post=4894"},{"taxonomy":"post_tag","embeddable":true,"href":"https:\/\/www.radiolimari.cl\/index.php?rest_route=%2Fwp%2Fv2%2Ftags&post=4894"}],"curies":[{"name":"wp","href":"https:\/\/api.w.org\/{rel}","templated":true}]}}