{"id":4885,"date":"2021-04-16T18:52:31","date_gmt":"2021-04-16T18:52:31","guid":{"rendered":"http:\/\/www.radiolimari.cl\/?p=4885"},"modified":"2021-04-16T18:52:31","modified_gmt":"2021-04-16T18:52:31","slug":"en-ovalle-se-han-efectuado-mas-23-mil-examenes-pcr","status":"publish","type":"post","link":"https:\/\/www.radiolimari.cl\/?p=4885","title":{"rendered":"En Ovalle se han efectuado m\u00e1s 23 mil ex\u00e1menes PCR"},"content":{"rendered":"<p><a href=\"https:\/\/www.radiolimari.cl\/wp-content\/uploads\/2021\/04\/16.4-Toma-de-PCR-en-Plaza-de-ARMAS.jpeg\"><img fetchpriority=\"high\" decoding=\"async\" class=\"alignnone size-medium wp-image-4886\" src=\"https:\/\/www.radiolimari.cl\/wp-content\/uploads\/2021\/04\/16.4-Toma-de-PCR-en-Plaza-de-ARMAS-300x236.jpeg\" alt=\"16.4 Toma de PCR en Plaza de ARMAS\" width=\"300\" height=\"236\" srcset=\"https:\/\/www.radiolimari.cl\/wp-content\/uploads\/2021\/04\/16.4-Toma-de-PCR-en-Plaza-de-ARMAS-300x236.jpeg 300w, https:\/\/www.radiolimari.cl\/wp-content\/uploads\/2021\/04\/16.4-Toma-de-PCR-en-Plaza-de-ARMAS-1024x807.jpeg 1024w, https:\/\/www.radiolimari.cl\/wp-content\/uploads\/2021\/04\/16.4-Toma-de-PCR-en-Plaza-de-ARMAS.jpeg 1280w\" sizes=\"(max-width: 300px) 100vw, 300px\" \/><\/a><\/p>\n<p><strong><em>Esta labor se ha realizado en puntos fijos, como la alameda y plaza de armas y a trav\u00e9s de la B\u00fasqueda Activa en diversos puntos de la ciudad, instituciones y en pacientes postrados. <\/em><\/strong><!--more--><\/p>\n<p>Es un m\u00e9todo r\u00e1pido y efectivo. La toma de ex\u00e1menes PCR ha sido fundamental, para identificar casos asintom\u00e1ticos de Covid-19 y prevenir la cadena de transmisi\u00f3n del virus. En Ovalle se han realizado m\u00e1s de 23 mil muestras, desde que se iniciaron los operativos, el pasado 15 de julio de 2020, bajo la estrategia nacional \u201cTesteo, Trazabilidad y Aislamiento\u201d.<\/p>\n<p>El departamento de Salud Municipal destin\u00f3 en primer t\u00e9rmino la alameda, sector Espejo de Agua, como punto fijo de toma de muestras, el cual se traslad\u00f3 a la Plaza de Armas, donde, hasta la fecha, se han hecho 8.256 ex\u00e1menes. Asimismo, se distribuyeron equipos de profesionales, quienes realizaron la denominada \u201cB\u00fasqueda Activa\u201d en diversas zonas de la comuna, instituciones p\u00fablicas y privadas y en domicilios para pacientes postrados superando las 15 mil muestras, a trav\u00e9s de este mecanismo.<\/p>\n<p>Las personas que quieran realizarse este ex\u00e1men gratuito, s\u00f3lo debe asistir a la Plaza de Armas, de lunes a viernes de 9.00 a 13.00 horas y los d\u00edas s\u00e1bado de 10.00 a 13.00 horas. En el lugar, se les solicitar\u00e1 el carnet de identidad, se les realizar\u00e1 una breve encuesta y luego pasar\u00e1n a un cub\u00edculo donde le efectuar\u00e1n el ex\u00e1men y en 3 a 5 d\u00edas, se les entregar\u00e1 el resultado v\u00eda telef\u00f3nica.<\/p>\n<p>\u201cEs importante que la comunidad tenga un acceso de manera oportuna a la toma de PCR en personas asintom\u00e1ticas, puesto que de esta manera se logra notificar y aislar de manera precoz a un paciente, que se encuentre sin s\u00edntomas. Asimismo, se realiza trazabilidad del caso, evitando la propagaci\u00f3n del virus\u201d indic\u00f3 la jefa del departamento de Salud Municipal, \u00c1ngela Neira.<\/p>\n<p>Al respecto, el alcalde (S) de Ovalle, H\u00e9ctor Vega Campusano sostuvo que es esencial que las personas \u201chagan esta labor preventiva y se tomen la muestra PCR, porque de esta forma detectamos casos asintom\u00e1ticos que, lamentablemente, distribuyen el virus en la comunidad. Es por esto, que le pedimos a la nuestra comunidad que mantenga las medidas preventivas, que usen correctamente la mascarilla, que hagan un frecuente lavado de manos, mantengan el distanciamiento f\u00edsico y eviten las aglomeraciones de personas, porque junto con la vacuna, son las \u00fanicas maneras que tenemos para protegernos de la pandemia\u201d.<\/p>\n<p>&nbsp;<\/p>\n","protected":false},"excerpt":{"rendered":"<p>Esta labor se ha realizado en puntos fijos, como la alameda y plaza de armas y a trav\u00e9s de la B\u00fasqueda Activa en diversos puntos de la ciudad, instituciones y en pacientes postrados.<\/p>\n","protected":false},"author":2,"featured_media":4886,"comment_status":"open","ping_status":"open","sticky":false,"template":"","format":"standard","meta":{"footnotes":""},"categories":[5],"tags":[],"class_list":["post-4885","post","type-post","status-publish","format-standard","has-post-thumbnail","hentry","category-actualidad-limarina"],"_links":{"self":[{"href":"https:\/\/www.radiolimari.cl\/index.php?rest_route=\/wp\/v2\/posts\/4885","targetHints":{"allow":["GET"]}}],"collection":[{"href":"https:\/\/www.radiolimari.cl\/index.php?rest_route=\/wp\/v2\/posts"}],"about":[{"href":"https:\/\/www.radiolimari.cl\/index.php?rest_route=\/wp\/v2\/types\/post"}],"author":[{"embeddable":true,"href":"https:\/\/www.radiolimari.cl\/index.php?rest_route=\/wp\/v2\/users\/2"}],"replies":[{"embeddable":true,"href":"https:\/\/www.radiolimari.cl\/index.php?rest_route=%2Fwp%2Fv2%2Fcomments&post=4885"}],"version-history":[{"count":1,"href":"https:\/\/www.radiolimari.cl\/index.php?rest_route=\/wp\/v2\/posts\/4885\/revisions"}],"predecessor-version":[{"id":4887,"href":"https:\/\/www.radiolimari.cl\/index.php?rest_route=\/wp\/v2\/posts\/4885\/revisions\/4887"}],"wp:featuredmedia":[{"embeddable":true,"href":"https:\/\/www.radiolimari.cl\/index.php?rest_route=\/wp\/v2\/media\/4886"}],"wp:attachment":[{"href":"https:\/\/www.radiolimari.cl\/index.php?rest_route=%2Fwp%2Fv2%2Fmedia&parent=4885"}],"wp:term":[{"taxonomy":"category","embeddable":true,"href":"https:\/\/www.radiolimari.cl\/index.php?rest_route=%2Fwp%2Fv2%2Fcategories&post=4885"},{"taxonomy":"post_tag","embeddable":true,"href":"https:\/\/www.radiolimari.cl\/index.php?rest_route=%2Fwp%2Fv2%2Ftags&post=4885"}],"curies":[{"name":"wp","href":"https:\/\/api.w.org\/{rel}","templated":true}]}}