{"id":4870,"date":"2020-12-15T14:05:25","date_gmt":"2020-12-15T14:05:25","guid":{"rendered":"http:\/\/www.radiolimari.cl\/?p=4870"},"modified":"2021-04-15T14:34:45","modified_gmt":"2021-04-15T14:34:45","slug":"la-radio-el-medio-que-aun-continua-informando-a-las-familias-rurales","status":"publish","type":"post","link":"https:\/\/www.radiolimari.cl\/?p=4870","title":{"rendered":"La Radio, el medio que a\u00fan contin\u00faa informando a las familias rurales"},"content":{"rendered":"<p><strong>La tecnolog\u00eda y la globalizaci\u00f3n en el mundo entero han generado que los medios de comunicaci\u00f3n tradicionales cada vez vayan perdiendo su efecto. Nos referimos al diario de papel y las radios, los medos web han cambiado ese paradigma, pero en la comunidad rural el medio tradicional como es la radio sigue siendo el medio referente <\/strong><\/p>\n<p><strong>El alcance radial donde no hay internet ha permitido que este medio perdure en este segmento. En la provincia de Limar\u00ed tanto en Ovalle, Monte Patria, Punitaqui, Combarbal\u00e1 y R\u00edo Hurtado la radio es el medio principal.<\/strong><\/p>\n<p><strong>As\u00ed lo ratifica, Gerardo Alaniz, comunicador social de Radio Norte Verde (radio am que llega a todos los sectores rurales de la provincia), \u201cmucha gente de campo nos escucha, somos el medio donde se entretienen y se enteran de todo. Muchas autoridades conectan a radio norte verde para informar de sus pol\u00edticas p\u00fablicas a este p\u00fablico m\u00e1s alejado de lo urbano\u201d, comenta<\/strong><\/p>\n<p><strong>Radio Limar\u00ed convers\u00f3 tambi\u00e9n con distintos dirigentes sociales del mundo campesino, quienes ratificaron la importancia de la radio en los hogares rurales de la provincia<\/strong><\/p>\n<p><a href=\"https:\/\/www.radiolimari.cl\/wp-content\/uploads\/2021\/04\/unnamed.jpg\"><img fetchpriority=\"high\" decoding=\"async\" class=\"alignnone size-medium wp-image-4871\" src=\"https:\/\/www.radiolimari.cl\/wp-content\/uploads\/2021\/04\/unnamed-300x182.jpg\" alt=\"unnamed\" width=\"300\" height=\"182\" srcset=\"https:\/\/www.radiolimari.cl\/wp-content\/uploads\/2021\/04\/unnamed-300x182.jpg 300w, https:\/\/www.radiolimari.cl\/wp-content\/uploads\/2021\/04\/unnamed.jpg 512w\" sizes=\"(max-width: 300px) 100vw, 300px\" \/><\/a><\/p>\n<p><strong>\u00a0<\/strong><\/p>\n","protected":false},"excerpt":{"rendered":"<p>La tecnolog\u00eda y la globalizaci\u00f3n en el mundo entero han generado que los medios de comunicaci\u00f3n tradicionales cada vez vayan perdiendo su efecto. Nos referimos al diario de papel y las radios, los medos web han cambiado ese paradigma, pero en la comunidad rural el medio tradicional como es la radio sigue siendo el medio &#8230;<\/p>\n","protected":false},"author":2,"featured_media":4871,"comment_status":"open","ping_status":"open","sticky":false,"template":"","format":"standard","meta":{"footnotes":""},"categories":[3,5,6],"tags":[],"class_list":["post-4870","post","type-post","status-publish","format-standard","has-post-thumbnail","hentry","category-actualidad","category-actualidad-limarina","category-regionales"],"_links":{"self":[{"href":"https:\/\/www.radiolimari.cl\/index.php?rest_route=\/wp\/v2\/posts\/4870","targetHints":{"allow":["GET"]}}],"collection":[{"href":"https:\/\/www.radiolimari.cl\/index.php?rest_route=\/wp\/v2\/posts"}],"about":[{"href":"https:\/\/www.radiolimari.cl\/index.php?rest_route=\/wp\/v2\/types\/post"}],"author":[{"embeddable":true,"href":"https:\/\/www.radiolimari.cl\/index.php?rest_route=\/wp\/v2\/users\/2"}],"replies":[{"embeddable":true,"href":"https:\/\/www.radiolimari.cl\/index.php?rest_route=%2Fwp%2Fv2%2Fcomments&post=4870"}],"version-history":[{"count":2,"href":"https:\/\/www.radiolimari.cl\/index.php?rest_route=\/wp\/v2\/posts\/4870\/revisions"}],"predecessor-version":[{"id":4874,"href":"https:\/\/www.radiolimari.cl\/index.php?rest_route=\/wp\/v2\/posts\/4870\/revisions\/4874"}],"wp:featuredmedia":[{"embeddable":true,"href":"https:\/\/www.radiolimari.cl\/index.php?rest_route=\/wp\/v2\/media\/4871"}],"wp:attachment":[{"href":"https:\/\/www.radiolimari.cl\/index.php?rest_route=%2Fwp%2Fv2%2Fmedia&parent=4870"}],"wp:term":[{"taxonomy":"category","embeddable":true,"href":"https:\/\/www.radiolimari.cl\/index.php?rest_route=%2Fwp%2Fv2%2Fcategories&post=4870"},{"taxonomy":"post_tag","embeddable":true,"href":"https:\/\/www.radiolimari.cl\/index.php?rest_route=%2Fwp%2Fv2%2Ftags&post=4870"}],"curies":[{"name":"wp","href":"https:\/\/api.w.org\/{rel}","templated":true}]}}