{"id":4859,"date":"2021-04-13T15:40:54","date_gmt":"2021-04-13T15:40:54","guid":{"rendered":"http:\/\/www.radiolimari.cl\/?p=4859"},"modified":"2021-04-13T15:40:54","modified_gmt":"2021-04-13T15:40:54","slug":"reiteran-el-llamado-a-respetar-las-medidas-sanitarias-ante-la-deteccion-de-nueva-variante-de-covid-en-la-region","status":"publish","type":"post","link":"https:\/\/www.radiolimari.cl\/?p=4859","title":{"rendered":"Reiteran el llamado a respetar las medidas sanitarias ante la detecci\u00f3n de nueva variante de Covid en la regi\u00f3n"},"content":{"rendered":"<p><a href=\"https:\/\/www.radiolimari.cl\/wp-content\/uploads\/2021\/04\/13.4-vacunacion.jpg\"><img fetchpriority=\"high\" decoding=\"async\" class=\"alignnone size-medium wp-image-4860\" src=\"https:\/\/www.radiolimari.cl\/wp-content\/uploads\/2021\/04\/13.4-vacunacion-240x300.jpg\" alt=\"13.4 vacunacion\" width=\"240\" height=\"300\" srcset=\"https:\/\/www.radiolimari.cl\/wp-content\/uploads\/2021\/04\/13.4-vacunacion-240x300.jpg 240w, https:\/\/www.radiolimari.cl\/wp-content\/uploads\/2021\/04\/13.4-vacunacion.jpg 550w\" sizes=\"(max-width: 240px) 100vw, 240px\" \/><\/a><\/p>\n<p><strong>Todo viajero internacional debe reportarse en la plataforma c19.cl para su monitoreo diario por el Ministerio de Salud.<\/strong><!--more--><\/p>\n<p>Las autoridades regionales confirmaron la detecci\u00f3n de una tercera variante de Coronavirus en la regi\u00f3n de Coquimbo.<\/p>\n<p>\u201cHemos detectado 4 casos que corresponden a la <strong>variante brit\u00e1nica<\/strong>, 3 de ellos residentes en la regi\u00f3n que estuvieron en el exterior y un turista que estuvo de paso y su contagio fue en la Regi\u00f3n Metropolitana. Existen adem\u00e1s dos casos con la <strong>variante amaz\u00f3nica<\/strong> que estuvieron en Brasil y M\u00e9xico y dos casos que presentaron la <strong>variante de R\u00edo de Janeiro<\/strong>\u201d, explic\u00f3 el epidemi\u00f3logo de la Seremi de Salud, Ra\u00fal Quintanilla.<\/p>\n<p>El experto aclar\u00f3 que los 8 pacientes ya cumplieron su per\u00edodo de aislamiento obligatorio en Residencias Sanitarias. Las caracter\u00edsticas de estas nuevas variantes pueden influir en los m\u00e9todos de diagn\u00f3stico, en la capacidad de respuesta terap\u00e9utica o tratamientos, en la tasa de infectividad o aparici\u00f3n de nuevos casos y carga de enfermedad, y en la gravedad que se manifiesta en hospitalizaciones o fallecimientos, por lo tanto, es fundamental la vigilancia gen\u00f3mica.<\/p>\n<p>Adem\u00e1s, Quintanilla recalca \u201cque es importante atender a las medidas de control que debe seguir la poblaci\u00f3n, respetar las medidas de cierre de fronteras con el acceso restringido a Chile y la salida hacia el extranjero a menos que sea por un car\u00e1cter esencial de salud, humanitario, realizaci\u00f3n de actividades fundamentales e imprescindibles para el pa\u00eds o bien por residencia en el exterior. Es importante el cumplimiento estricto de estas cuarentenas y completar los periodos determinados de modo de evitar propagar alguna de estas variantes en la comunidad de nuestra regi\u00f3n\u201d.<\/p>\n<p>Para el Seremi de Salud, Alejandro Garc\u00eda, es importante \u201creforzar rigurosamente las medidas b\u00e1sicas preventivas como es el lavado de manos, el uso de mascarilla, el distanciamiento social y que aquellas personas que presentan manifestaci\u00f3n de s\u00edntomas de Covid deben acudir oportuna y tempranamente a los establecimientos de salud\u201d.<\/p>\n<p>Por \u00faltimo, las autoridades indicaron que cada viajero al ingresar al pa\u00eds debe reportarse en una plataforma que ha dispuesto el Ministerio de Salud a trav\u00e9s del sitio www.c19.cl para su monitoreo diario. En relaci\u00f3n al ingreso de chilenos o extranjeros residentes al pa\u00eds, est\u00e1 en vigencia la medida de cuarentena obligatoria de 10 d\u00edas y seguimiento diario por 14 d\u00edas desde el ingreso a Chile.<\/p>\n<p>Tambi\u00e9n reiteraron que los primeros 5 d\u00edas de esta cuarentena se deben realizar en hotel de tr\u00e1nsito en la regi\u00f3n de ingreso al pa\u00eds.<\/p>\n<p>&nbsp;<\/p>\n<p>&nbsp;<\/p>\n","protected":false},"excerpt":{"rendered":"<p>Todo viajero internacional debe reportarse en la plataforma c19.cl para su monitoreo diario por el Ministerio de Salud.<\/p>\n","protected":false},"author":2,"featured_media":4860,"comment_status":"open","ping_status":"open","sticky":false,"template":"","format":"standard","meta":{"footnotes":""},"categories":[6],"tags":[],"class_list":["post-4859","post","type-post","status-publish","format-standard","has-post-thumbnail","hentry","category-regionales"],"_links":{"self":[{"href":"https:\/\/www.radiolimari.cl\/index.php?rest_route=\/wp\/v2\/posts\/4859","targetHints":{"allow":["GET"]}}],"collection":[{"href":"https:\/\/www.radiolimari.cl\/index.php?rest_route=\/wp\/v2\/posts"}],"about":[{"href":"https:\/\/www.radiolimari.cl\/index.php?rest_route=\/wp\/v2\/types\/post"}],"author":[{"embeddable":true,"href":"https:\/\/www.radiolimari.cl\/index.php?rest_route=\/wp\/v2\/users\/2"}],"replies":[{"embeddable":true,"href":"https:\/\/www.radiolimari.cl\/index.php?rest_route=%2Fwp%2Fv2%2Fcomments&post=4859"}],"version-history":[{"count":1,"href":"https:\/\/www.radiolimari.cl\/index.php?rest_route=\/wp\/v2\/posts\/4859\/revisions"}],"predecessor-version":[{"id":4861,"href":"https:\/\/www.radiolimari.cl\/index.php?rest_route=\/wp\/v2\/posts\/4859\/revisions\/4861"}],"wp:featuredmedia":[{"embeddable":true,"href":"https:\/\/www.radiolimari.cl\/index.php?rest_route=\/wp\/v2\/media\/4860"}],"wp:attachment":[{"href":"https:\/\/www.radiolimari.cl\/index.php?rest_route=%2Fwp%2Fv2%2Fmedia&parent=4859"}],"wp:term":[{"taxonomy":"category","embeddable":true,"href":"https:\/\/www.radiolimari.cl\/index.php?rest_route=%2Fwp%2Fv2%2Fcategories&post=4859"},{"taxonomy":"post_tag","embeddable":true,"href":"https:\/\/www.radiolimari.cl\/index.php?rest_route=%2Fwp%2Fv2%2Ftags&post=4859"}],"curies":[{"name":"wp","href":"https:\/\/api.w.org\/{rel}","templated":true}]}}