{"id":4853,"date":"2021-04-12T20:18:10","date_gmt":"2021-04-12T20:18:10","guid":{"rendered":"http:\/\/www.radiolimari.cl\/?p=4853"},"modified":"2021-04-12T20:18:10","modified_gmt":"2021-04-12T20:18:10","slug":"en-ovalle-ciclovia-de-avenida-costanera-contara-con-un-moderno-sistema-de-iluminacion","status":"publish","type":"post","link":"https:\/\/www.radiolimari.cl\/?p=4853","title":{"rendered":"En Ovalle Ciclov\u00eda de avenida costanera contar\u00e1 con un moderno sistema de iluminaci\u00f3n"},"content":{"rendered":"<p><a href=\"https:\/\/www.radiolimari.cl\/wp-content\/uploads\/2021\/04\/12.4-Ciclov\u00eda-Avenida-Circunvalaci\u00f3n.jpg\"><img fetchpriority=\"high\" decoding=\"async\" class=\"alignnone size-medium wp-image-4854\" src=\"https:\/\/www.radiolimari.cl\/wp-content\/uploads\/2021\/04\/12.4-Ciclov\u00eda-Avenida-Circunvalaci\u00f3n-300x200.jpg\" alt=\"12.4 Ciclov\u00eda Avenida Circunvalaci\u00f3n\" width=\"300\" height=\"200\" srcset=\"https:\/\/www.radiolimari.cl\/wp-content\/uploads\/2021\/04\/12.4-Ciclov\u00eda-Avenida-Circunvalaci\u00f3n-300x200.jpg 300w, https:\/\/www.radiolimari.cl\/wp-content\/uploads\/2021\/04\/12.4-Ciclov\u00eda-Avenida-Circunvalaci\u00f3n-1024x682.jpg 1024w\" sizes=\"(max-width: 300px) 100vw, 300px\" \/><\/a><\/p>\n<p><strong><em>Gracias a un proyecto realizado por el municipio de Ovalle y financiado por el Gobierno Regional, se materializar\u00e1 la instalaci\u00f3n de un moderno sistema de iluminaci\u00f3n LED en el tramo entre Avenida Laura Pizarro y Avenida Mar\u00eda In\u00e9s Corral, iniciativa que bordea los 100 millones de pesos.\u00a0 <\/em><\/strong><!--more--><\/p>\n<p>La avenida Circunvalaci\u00f3n o Costanera del Limar\u00ed se ha convertido en un lugar muy concurrido por los ovallinos para realizar actividades deportivas, entre ellas el trote y el ciclismo. Es por esta raz\u00f3n, que el municipio de Ovalle ha realizado mejoramientos en su entorno y la instalaci\u00f3n de m\u00e1quinas de ejercicios para adultos y ni\u00f1os.<\/p>\n<p>Pero, esto se complementar\u00e1 con un moderno sistema de iluminaci\u00f3n, que se extender\u00e1 desde Avenida Laura Pizarro hasta la Avenida Mar\u00eda In\u00e9s Corral, en el ingreso al sector El Portal. La iniciativa fue elaborada y postulada por el municipio de Ovalle y recibi\u00f3 el financiamiento del Gobierno Regional, a trav\u00e9s del Fondo Regional de Iniciativas Locales (FRIL), inversi\u00f3n que bordea los 100 millones de pesos. As\u00ed fue ratificado, luego que el alcalde de Ovalle, Claudio Renter\u00eda y el intendente de la regi\u00f3n de Coquimbo, Pablo Herman firmaran el convenio de programaci\u00f3n, que permitir\u00e1 realizar el proceso de licitaci\u00f3n y posterior ejecuci\u00f3n de este proyecto.<\/p>\n<p>En lo concreto, el proyecto considera la instalaci\u00f3n de 1 kil\u00f3metro de red subterr\u00e1nea y 84 luminarias LED de 60 [W] cumpliendo la normativa de contaminaci\u00f3n lum\u00ednica de la zona. Con esto, se cumplir\u00e1 la primera etapa de Avenida Circunvalaci\u00f3n, pero la administraci\u00f3n comunal ya est\u00e1 trabajando para iluminar toda su extensi\u00f3n y de esta forma darle mayor seguridad a quienes, cuando la situaci\u00f3n sanitaria lo permita, realicen deporte en jornada nocturna.<\/p>\n<p>Al respecto, el intendente de la regi\u00f3n de Coquimbo, Pablo Herman indic\u00f3 que \u201cfirmamos el convenio para empezar a ejecutar prontamente estas obras que sabemos que son muy importantes para los ovallinos. Hemos trabajado conjuntamente con el municipio y estamos muy contentos porque, prontamente, se materializar\u00e1\u201d.\u00a0 En tanto, el alcalde de Ovalle, Claudio Renter\u00eda sostuvo que concretar este proyecto es muy importante. \u201cIluminaremos en primera instancia este tramo, pero ya estamos trabajando para dotar con un sistema de iluminaci\u00f3n LED toda la extensi\u00f3n de la Avenida Circunvalaci\u00f3n y as\u00ed mejorar las condiciones para las personas que ocupan este lugar para realizar actividades deportivas\u201d finaliz\u00f3 la autoridad local.<\/p>\n<p>&nbsp;<\/p>\n<p>&nbsp;<\/p>\n<p>&nbsp;<\/p>\n","protected":false},"excerpt":{"rendered":"<p>Gracias a un proyecto realizado por el municipio de Ovalle y financiado por el Gobierno Regional, se materializar\u00e1 la instalaci\u00f3n de un moderno sistema de iluminaci\u00f3n LED en el tramo entre Avenida Laura Pizarro y Avenida Mar\u00eda In\u00e9s Corral, iniciativa que bordea los 100 millones de pesos.\u00a0<\/p>\n","protected":false},"author":2,"featured_media":4854,"comment_status":"open","ping_status":"open","sticky":false,"template":"","format":"standard","meta":{"footnotes":""},"categories":[5],"tags":[],"class_list":["post-4853","post","type-post","status-publish","format-standard","has-post-thumbnail","hentry","category-actualidad-limarina"],"_links":{"self":[{"href":"https:\/\/www.radiolimari.cl\/index.php?rest_route=\/wp\/v2\/posts\/4853","targetHints":{"allow":["GET"]}}],"collection":[{"href":"https:\/\/www.radiolimari.cl\/index.php?rest_route=\/wp\/v2\/posts"}],"about":[{"href":"https:\/\/www.radiolimari.cl\/index.php?rest_route=\/wp\/v2\/types\/post"}],"author":[{"embeddable":true,"href":"https:\/\/www.radiolimari.cl\/index.php?rest_route=\/wp\/v2\/users\/2"}],"replies":[{"embeddable":true,"href":"https:\/\/www.radiolimari.cl\/index.php?rest_route=%2Fwp%2Fv2%2Fcomments&post=4853"}],"version-history":[{"count":1,"href":"https:\/\/www.radiolimari.cl\/index.php?rest_route=\/wp\/v2\/posts\/4853\/revisions"}],"predecessor-version":[{"id":4855,"href":"https:\/\/www.radiolimari.cl\/index.php?rest_route=\/wp\/v2\/posts\/4853\/revisions\/4855"}],"wp:featuredmedia":[{"embeddable":true,"href":"https:\/\/www.radiolimari.cl\/index.php?rest_route=\/wp\/v2\/media\/4854"}],"wp:attachment":[{"href":"https:\/\/www.radiolimari.cl\/index.php?rest_route=%2Fwp%2Fv2%2Fmedia&parent=4853"}],"wp:term":[{"taxonomy":"category","embeddable":true,"href":"https:\/\/www.radiolimari.cl\/index.php?rest_route=%2Fwp%2Fv2%2Fcategories&post=4853"},{"taxonomy":"post_tag","embeddable":true,"href":"https:\/\/www.radiolimari.cl\/index.php?rest_route=%2Fwp%2Fv2%2Ftags&post=4853"}],"curies":[{"name":"wp","href":"https:\/\/api.w.org\/{rel}","templated":true}]}}