{"id":4847,"date":"2021-04-10T16:15:23","date_gmt":"2021-04-10T16:15:23","guid":{"rendered":"http:\/\/www.radiolimari.cl\/?p=4847"},"modified":"2021-04-10T16:15:23","modified_gmt":"2021-04-10T16:15:23","slug":"se-declara-alerta-temprana-preventiva-para-la-region-de-coquimbo-por-altas-temperaturas-2","status":"publish","type":"post","link":"https:\/\/www.radiolimari.cl\/?p=4847","title":{"rendered":"Se declara Alerta Temprana Preventiva para la regi\u00f3n de Coquimbo por altas temperaturas"},"content":{"rendered":"<p><a href=\"https:\/\/www.radiolimari.cl\/wp-content\/uploads\/2021\/04\/NOTICIAS-EN-LIMARI-ULTIMA-HORA-20.07.2020.jpg\"><img decoding=\"async\" class=\"alignnone size-medium wp-image-4848\" src=\"https:\/\/www.radiolimari.cl\/wp-content\/uploads\/2021\/04\/NOTICIAS-EN-LIMARI-ULTIMA-HORA-20.07.2020-300x150.jpg\" alt=\"NOTICIAS EN LIMARI ULTIMA HORA 20.07.2020\" width=\"300\" height=\"150\" srcset=\"https:\/\/www.radiolimari.cl\/wp-content\/uploads\/2021\/04\/NOTICIAS-EN-LIMARI-ULTIMA-HORA-20.07.2020-300x150.jpg 300w, https:\/\/www.radiolimari.cl\/wp-content\/uploads\/2021\/04\/NOTICIAS-EN-LIMARI-ULTIMA-HORA-20.07.2020-1024x512.jpg 1024w, https:\/\/www.radiolimari.cl\/wp-content\/uploads\/2021\/04\/NOTICIAS-EN-LIMARI-ULTIMA-HORA-20.07.2020.jpg 1148w\" sizes=\"(max-width: 300px) 100vw, 300px\" \/><\/a><\/p>\n<p><span style=\"color: #666666;\">Se pronostica un evento extremo de altas temperaturas m\u00e1ximas en los sectores de valle y precordillera desde la Regi\u00f3n de Coquimbo y hasta la Regi\u00f3n de O\u2019Higgins<\/span><!--more--><\/p>\n<p style=\"color: #666666;\"><strong style=\"font-weight: normal; color: #000000;\">De acuerdo con la informaci\u00f3n proporcionada por la Direcci\u00f3n Meteorol\u00f3gica de Chile (DMC),<\/strong>\u00a0mediante su Alerta Meteorol\u00f3gica que pronostica un evento extremo de altas temperaturas m\u00e1ximas en los sectores de valle y precordillera desde la Regi\u00f3n de Coquimbo y hasta la Regi\u00f3n de O\u2019Higgins, entre los d\u00edas domingo 11 y martes 13 de abril.<\/p>\n<p style=\"color: #666666;\">Las temperaturas m\u00e1ximas (\u00b0C) pronosticadas para la Regi\u00f3n de Coquimbo son las siguientes:<\/p>\n<p style=\"color: #666666;\">\n<div style=\"color: #666666;\" align=\"center\">\n<table border=\"0\" cellspacing=\"0\" cellpadding=\"0\">\n<tbody>\n<tr>\n<td valign=\"top\" width=\"150\"><b>Zona<\/b><\/td>\n<td valign=\"top\" width=\"150\">\n<p align=\"center\"><b>Lunes 12 de abril<\/b><\/p>\n<\/td>\n<\/tr>\n<tr>\n<td valign=\"top\" width=\"150\">Valle<\/td>\n<td valign=\"top\" width=\"150\">\n<p align=\"center\">Entre 30 y 32<\/p>\n<\/td>\n<\/tr>\n<tr>\n<td valign=\"top\" width=\"150\">Precordillera<\/td>\n<td valign=\"top\" width=\"150\">\n<p align=\"center\">Entre 33 y 34<\/p>\n<\/td>\n<\/tr>\n<\/tbody>\n<\/table>\n<\/div>\n<p style=\"color: #666666;\">\n<p style=\"color: #666666;\">En consideraci\u00f3n a este antecedente, la Direcci\u00f3n Regional de ONEMI Coquimbo\u00a0<b>declara Alerta Temprana Preventiva regional,<\/b>\u00a0por altas temperaturas vigente a partir de hoy y hasta que las condiciones as\u00ed lo ameriten.<\/p>\n<p style=\"color: #666666;\">La declaraci\u00f3n de esta alerta, se constituye como un estado de reforzamiento de la vigilancia, mediante el monitoreo preciso y riguroso de las condiciones de riesgo y las respectivas vulnerabilidades asociadas a la amenaza, coordinando y activando al Sistema de Protecci\u00f3n Civil con el fin de actuar oportunamente frente a eventuales situaciones de emergencia.<\/p>\n<p style=\"color: #666666;\"><em style=\"font-style: italic;\"><b>ONEMI\u00a0<\/b>recomienda a la poblaci\u00f3n evitar exponerse al sol durante las horas centrales del d\u00eda (11:00 a 17:00 hrs. m\u00e1xima radiaci\u00f3n ultra violeta); y vigilar la temperatura corporal y condici\u00f3n de ni\u00f1os\/as y adultos mayores, ya que dichos grupos suelen deshidratarse con facilidad.<\/em><\/p>\n","protected":false},"excerpt":{"rendered":"<p>Se pronostica un evento extremo de altas temperaturas m\u00e1ximas en los sectores de valle y precordillera desde la Regi\u00f3n de Coquimbo y hasta la Regi\u00f3n de O\u2019Higgins<\/p>\n","protected":false},"author":2,"featured_media":4848,"comment_status":"open","ping_status":"open","sticky":false,"template":"","format":"standard","meta":{"footnotes":""},"categories":[6],"tags":[],"class_list":["post-4847","post","type-post","status-publish","format-standard","has-post-thumbnail","hentry","category-regionales"],"_links":{"self":[{"href":"https:\/\/www.radiolimari.cl\/index.php?rest_route=\/wp\/v2\/posts\/4847","targetHints":{"allow":["GET"]}}],"collection":[{"href":"https:\/\/www.radiolimari.cl\/index.php?rest_route=\/wp\/v2\/posts"}],"about":[{"href":"https:\/\/www.radiolimari.cl\/index.php?rest_route=\/wp\/v2\/types\/post"}],"author":[{"embeddable":true,"href":"https:\/\/www.radiolimari.cl\/index.php?rest_route=\/wp\/v2\/users\/2"}],"replies":[{"embeddable":true,"href":"https:\/\/www.radiolimari.cl\/index.php?rest_route=%2Fwp%2Fv2%2Fcomments&post=4847"}],"version-history":[{"count":1,"href":"https:\/\/www.radiolimari.cl\/index.php?rest_route=\/wp\/v2\/posts\/4847\/revisions"}],"predecessor-version":[{"id":4849,"href":"https:\/\/www.radiolimari.cl\/index.php?rest_route=\/wp\/v2\/posts\/4847\/revisions\/4849"}],"wp:featuredmedia":[{"embeddable":true,"href":"https:\/\/www.radiolimari.cl\/index.php?rest_route=\/wp\/v2\/media\/4848"}],"wp:attachment":[{"href":"https:\/\/www.radiolimari.cl\/index.php?rest_route=%2Fwp%2Fv2%2Fmedia&parent=4847"}],"wp:term":[{"taxonomy":"category","embeddable":true,"href":"https:\/\/www.radiolimari.cl\/index.php?rest_route=%2Fwp%2Fv2%2Fcategories&post=4847"},{"taxonomy":"post_tag","embeddable":true,"href":"https:\/\/www.radiolimari.cl\/index.php?rest_route=%2Fwp%2Fv2%2Ftags&post=4847"}],"curies":[{"name":"wp","href":"https:\/\/api.w.org\/{rel}","templated":true}]}}