{"id":4835,"date":"2021-04-08T20:40:49","date_gmt":"2021-04-08T20:40:49","guid":{"rendered":"http:\/\/www.radiolimari.cl\/?p=4835"},"modified":"2021-04-08T20:40:49","modified_gmt":"2021-04-08T20:40:49","slug":"conaf-cierra-parques-reservas-y-monumentos-nacionales-de-la-region-para-prevenir-contagios-de-covid-19","status":"publish","type":"post","link":"https:\/\/www.radiolimari.cl\/?p=4835","title":{"rendered":"Conaf  cierra Parques, Reservas y Monumentos Nacionales de la Regi\u00f3n para prevenir contagios de Covid 19"},"content":{"rendered":"<p><a href=\"https:\/\/www.radiolimari.cl\/wp-content\/uploads\/2021\/04\/dinosaurio-2021.jpg\"><img fetchpriority=\"high\" decoding=\"async\" class=\"alignnone size-medium wp-image-4836\" src=\"https:\/\/www.radiolimari.cl\/wp-content\/uploads\/2021\/04\/dinosaurio-2021-300x225.jpg\" alt=\"dinosaurio 2021\" width=\"300\" height=\"225\" srcset=\"https:\/\/www.radiolimari.cl\/wp-content\/uploads\/2021\/04\/dinosaurio-2021-300x225.jpg 300w, https:\/\/www.radiolimari.cl\/wp-content\/uploads\/2021\/04\/dinosaurio-2021-1024x768.jpg 1024w, https:\/\/www.radiolimari.cl\/wp-content\/uploads\/2021\/04\/dinosaurio-2021.jpg 1280w\" sizes=\"(max-width: 300px) 100vw, 300px\" \/><\/a><\/p>\n<p>La medida fue tomada para contribuir e incentivar el autocuidado por el Covid-19 y a que varias comunas de la regi\u00f3n est\u00e1n en Cuarentena Total<!--more--><\/p>\n<p>Para contribuir con la cuarentena que afecta a la mayor\u00eda de las comunas de la Regi\u00f3n de Coquimbo y adem\u00e1s, incentivar el autocuidado por el Covid-19, la Corporaci\u00f3n Nacional Forestal (CONAF) Regi\u00f3n de Coquimbo ha tomado la determinaci\u00f3n de cerrar todas las unidades y \u00e1reas silvestres de protecci\u00f3n que est\u00e1n bajo la administraci\u00f3n de la instituci\u00f3n mencionada.<\/p>\n<p>Bajo esta premisa, el Director Regional de CONAF, Eduardo Rodr\u00edguez, se\u00f1al\u00f3 \u201ca partir del 5 de abril, CONAF Regi\u00f3n de Coquimbo ha decidido cerrar las \u00c1reas Silvestres Protegidas de la regi\u00f3n, a objeto de contribuir con la disminuci\u00f3n de la movilizaci\u00f3n de la gente en un per\u00edodo que es de fase 1 cuarentena\u201d.<\/p>\n<p>Sobre la reapertura, si bien no hay una fecha clara, Rodr\u00edguez manifest\u00f3 \u201cesperamos que pronto esta condici\u00f3n de cuarentena pueda cambiar para poder reaperturar las \u00e1reas silvestres a la visitaci\u00f3n y el turismo que tanto necesitan nuestra regi\u00f3n\u201d.<\/p>\n","protected":false},"excerpt":{"rendered":"<p>La medida fue tomada para contribuir e incentivar el autocuidado por el Covid-19 y a que varias comunas de la regi\u00f3n est\u00e1n en Cuarentena Total<\/p>\n","protected":false},"author":2,"featured_media":4836,"comment_status":"open","ping_status":"open","sticky":false,"template":"","format":"standard","meta":{"footnotes":""},"categories":[6],"tags":[],"class_list":["post-4835","post","type-post","status-publish","format-standard","has-post-thumbnail","hentry","category-regionales"],"_links":{"self":[{"href":"https:\/\/www.radiolimari.cl\/index.php?rest_route=\/wp\/v2\/posts\/4835","targetHints":{"allow":["GET"]}}],"collection":[{"href":"https:\/\/www.radiolimari.cl\/index.php?rest_route=\/wp\/v2\/posts"}],"about":[{"href":"https:\/\/www.radiolimari.cl\/index.php?rest_route=\/wp\/v2\/types\/post"}],"author":[{"embeddable":true,"href":"https:\/\/www.radiolimari.cl\/index.php?rest_route=\/wp\/v2\/users\/2"}],"replies":[{"embeddable":true,"href":"https:\/\/www.radiolimari.cl\/index.php?rest_route=%2Fwp%2Fv2%2Fcomments&post=4835"}],"version-history":[{"count":1,"href":"https:\/\/www.radiolimari.cl\/index.php?rest_route=\/wp\/v2\/posts\/4835\/revisions"}],"predecessor-version":[{"id":4837,"href":"https:\/\/www.radiolimari.cl\/index.php?rest_route=\/wp\/v2\/posts\/4835\/revisions\/4837"}],"wp:featuredmedia":[{"embeddable":true,"href":"https:\/\/www.radiolimari.cl\/index.php?rest_route=\/wp\/v2\/media\/4836"}],"wp:attachment":[{"href":"https:\/\/www.radiolimari.cl\/index.php?rest_route=%2Fwp%2Fv2%2Fmedia&parent=4835"}],"wp:term":[{"taxonomy":"category","embeddable":true,"href":"https:\/\/www.radiolimari.cl\/index.php?rest_route=%2Fwp%2Fv2%2Fcategories&post=4835"},{"taxonomy":"post_tag","embeddable":true,"href":"https:\/\/www.radiolimari.cl\/index.php?rest_route=%2Fwp%2Fv2%2Ftags&post=4835"}],"curies":[{"name":"wp","href":"https:\/\/api.w.org\/{rel}","templated":true}]}}