{"id":4832,"date":"2021-04-08T20:30:37","date_gmt":"2021-04-08T20:30:37","guid":{"rendered":"http:\/\/www.radiolimari.cl\/?p=4832"},"modified":"2021-04-08T20:30:37","modified_gmt":"2021-04-08T20:30:37","slug":"vecinos-de-san-julian-de-la-comuna-de-ovalle-abrieron-las-puertas-de-su-nueva-estacion-medico-rural","status":"publish","type":"post","link":"https:\/\/www.radiolimari.cl\/?p=4832","title":{"rendered":"Vecinos de San Juli\u00e1n, de la comuna de Ovalle,  abrieron las puertas de su nueva estaci\u00f3n m\u00e9dico rural"},"content":{"rendered":"<p><a href=\"https:\/\/www.radiolimari.cl\/wp-content\/uploads\/2021\/04\/8.4-Estaci\u00f3n-m\u00e9dico-rural-San-Juli\u00e1n.jpg\"><img fetchpriority=\"high\" decoding=\"async\" class=\"alignnone size-medium wp-image-4833\" src=\"https:\/\/www.radiolimari.cl\/wp-content\/uploads\/2021\/04\/8.4-Estaci\u00f3n-m\u00e9dico-rural-San-Juli\u00e1n-300x200.jpg\" alt=\"8.4 Estaci\u00f3n m\u00e9dico rural San Juli\u00e1n\" width=\"300\" height=\"200\" srcset=\"https:\/\/www.radiolimari.cl\/wp-content\/uploads\/2021\/04\/8.4-Estaci\u00f3n-m\u00e9dico-rural-San-Juli\u00e1n-300x200.jpg 300w, https:\/\/www.radiolimari.cl\/wp-content\/uploads\/2021\/04\/8.4-Estaci\u00f3n-m\u00e9dico-rural-San-Juli\u00e1n-1024x682.jpg 1024w\" sizes=\"(max-width: 300px) 100vw, 300px\" \/><\/a><\/p>\n<p><strong><em>El nuevo recinto se construy\u00f3 gracias a la gesti\u00f3n del municipio de Ovalle y el financiamiento del Gobierno Regional, a trav\u00e9s de recursos del Fondo Regional de Inversi\u00f3n Local. De esta forma, los vecinos de la localidad no tendr\u00e1n problemas para recibir la atenci\u00f3n otorgada por el Equipo de Salud Rural en la ronda m\u00e9dica. <\/em><\/strong><!--more--><\/p>\n<p>Como un sue\u00f1o cumplido catalogaron los vecinos de San Juli\u00e1n la apertura de su nueva estaci\u00f3n m\u00e9dico rural. Esta obra se concret\u00f3 gracias a la postulaci\u00f3n que realiz\u00f3 el municipio de Ovalle y la posterior adjudicaci\u00f3n de recursos provenientes del Gobierno Regional, a trav\u00e9s del Fondo Regional de Inversi\u00f3n Local (FRIL), que alcanzaron los $85.423.699 y que servir\u00e1n para habilitar las estaciones m\u00e9dico rurales de San Juli\u00e1n, Barraza Bajo y Villaseca.<\/p>\n<p>El nuevo recinto cuenta con un box multiprop\u00f3sito, un box de ginecolog\u00eda, un box m\u00e9dico y uno de enfermer\u00eda, dos servicios higi\u00e9nicos y un \u00e1rea destinada para sala de espera. Al respecto, la presidenta de la junta de vecinos de San Juli\u00e1n, Mar\u00eda Pizarro indic\u00f3 que era una obra muy esperada y que \u201cnos va a garantizar una buena atenci\u00f3n para la gente de nuestro pueblo y tambi\u00e9n brindar\u00e1 comodidad a los profesionales de la salud que integran la ronda m\u00e9dica\u201d.<\/p>\n<p>Anteriormente contaban con un lugar deteriorado y que no cumpl\u00eda con las condiciones m\u00ednimas para una buena atenci\u00f3n. \u201cEs un cambio rotundo si comparamos lo que ten\u00edamos antes con este nuevo recinto, por eso estamos muy agradecidos del municipio, porque este tipo de acciones nos dan dignidad y mejoran nuestra calidad de vida y nos permite cuidarnos en medio de esta pandemia, porque la estaci\u00f3n m\u00e9dico rural cumple con todas las normas sanitarias\u201d agreg\u00f3 la dirigente.<\/p>\n<p>Con respecto a esta obra, el alcalde Claudio Renter\u00eda sostuvo que \u201ctrabajamos en la elaboraci\u00f3n de este importante proyecto, porque hicimos un compromiso con los vecinos de San Juli\u00e1n y lo cumplimos. Estamos muy contentos de hacer realidad este anhelo porque ahora cuentan con un lugar acondicionado y con toda la implementaci\u00f3n necesaria para que recibir atenci\u00f3n de salud digna y oportuna\u201d.<\/p>\n","protected":false},"excerpt":{"rendered":"<p>El nuevo recinto se construy\u00f3 gracias a la gesti\u00f3n del municipio de Ovalle y el financiamiento del Gobierno Regional, a trav\u00e9s de recursos del Fondo Regional de Inversi\u00f3n Local. De esta forma, los vecinos de la localidad no tendr\u00e1n problemas para recibir la atenci\u00f3n otorgada por el Equipo de Salud Rural en la ronda m\u00e9dica.<\/p>\n","protected":false},"author":2,"featured_media":4833,"comment_status":"open","ping_status":"open","sticky":false,"template":"","format":"standard","meta":{"footnotes":""},"categories":[5],"tags":[],"class_list":["post-4832","post","type-post","status-publish","format-standard","has-post-thumbnail","hentry","category-actualidad-limarina"],"_links":{"self":[{"href":"https:\/\/www.radiolimari.cl\/index.php?rest_route=\/wp\/v2\/posts\/4832","targetHints":{"allow":["GET"]}}],"collection":[{"href":"https:\/\/www.radiolimari.cl\/index.php?rest_route=\/wp\/v2\/posts"}],"about":[{"href":"https:\/\/www.radiolimari.cl\/index.php?rest_route=\/wp\/v2\/types\/post"}],"author":[{"embeddable":true,"href":"https:\/\/www.radiolimari.cl\/index.php?rest_route=\/wp\/v2\/users\/2"}],"replies":[{"embeddable":true,"href":"https:\/\/www.radiolimari.cl\/index.php?rest_route=%2Fwp%2Fv2%2Fcomments&post=4832"}],"version-history":[{"count":1,"href":"https:\/\/www.radiolimari.cl\/index.php?rest_route=\/wp\/v2\/posts\/4832\/revisions"}],"predecessor-version":[{"id":4834,"href":"https:\/\/www.radiolimari.cl\/index.php?rest_route=\/wp\/v2\/posts\/4832\/revisions\/4834"}],"wp:featuredmedia":[{"embeddable":true,"href":"https:\/\/www.radiolimari.cl\/index.php?rest_route=\/wp\/v2\/media\/4833"}],"wp:attachment":[{"href":"https:\/\/www.radiolimari.cl\/index.php?rest_route=%2Fwp%2Fv2%2Fmedia&parent=4832"}],"wp:term":[{"taxonomy":"category","embeddable":true,"href":"https:\/\/www.radiolimari.cl\/index.php?rest_route=%2Fwp%2Fv2%2Fcategories&post=4832"},{"taxonomy":"post_tag","embeddable":true,"href":"https:\/\/www.radiolimari.cl\/index.php?rest_route=%2Fwp%2Fv2%2Ftags&post=4832"}],"curies":[{"name":"wp","href":"https:\/\/api.w.org\/{rel}","templated":true}]}}