{"id":4829,"date":"2021-04-08T16:50:54","date_gmt":"2021-04-08T16:50:54","guid":{"rendered":"http:\/\/www.radiolimari.cl\/?p=4829"},"modified":"2021-04-08T16:50:54","modified_gmt":"2021-04-08T16:50:54","slug":"fundacion-mujer-impacta-reconoce-serenense-elena-bolados","status":"publish","type":"post","link":"https:\/\/www.radiolimari.cl\/?p=4829","title":{"rendered":"Fundaci\u00f3n Mujer Impacta reconoce serenense Elena Bolados"},"content":{"rendered":"<p><a href=\"https:\/\/www.radiolimari.cl\/wp-content\/uploads\/2021\/04\/8.4-sernameg-Elena-Bolados.jpg\"><img fetchpriority=\"high\" decoding=\"async\" class=\"alignnone size-medium wp-image-4830\" src=\"https:\/\/www.radiolimari.cl\/wp-content\/uploads\/2021\/04\/8.4-sernameg-Elena-Bolados-300x287.jpg\" alt=\"8.4 sernameg Elena Bolados\" width=\"300\" height=\"287\" srcset=\"https:\/\/www.radiolimari.cl\/wp-content\/uploads\/2021\/04\/8.4-sernameg-Elena-Bolados-300x287.jpg 300w, https:\/\/www.radiolimari.cl\/wp-content\/uploads\/2021\/04\/8.4-sernameg-Elena-Bolados.jpg 458w\" sizes=\"(max-width: 300px) 100vw, 300px\" \/><\/a><\/p>\n<p>La Fundaci\u00f3n dio a conocer las ganadoras de su premio anual en una ceremonia realizada por primera vez v\u00eda <em>streaming<\/em>.<!--more--><\/p>\n<p>Elena Bolados Garc\u00eda, mujer serenense fue 1 de las 9 premiadas por la Fundaci\u00f3n Mujer Impacta por sus distintos aportes a la sociedad. La ceremonia de reconocimiento se hizo hace unos d\u00edas atr\u00e1s y fue la primera vez en sus m\u00e1s de ocho a\u00f1os de historia que Mujer Impacta la realiz\u00f3 v\u00eda streaming para dar a conocer las ganadoras de sus diferentes premios 2020. El evento fue transmitido a trav\u00e9s de las plataformas digitales de Canal 13, ADN Radio, Radio Imagina e Ibero Americana Radio Chile, adem\u00e1s del Facebook de Mujer Impacta.<\/p>\n<p>Elena Bolados, a\u00f1os atr\u00e1s vivi\u00f3 la triste muerte de su ahijado por c\u00e1ncer. Ella su cuidadora\u00a0 y lo ayudaba en sus traslados a la capital para sus tratamientos. Fue en ese momento que se dio cuenta lo dif\u00edcil que es para una persona de regiones poder tratarse y esto la motiv\u00f3 a dirigir sus esfuerzos en lograr un Centro Oncol\u00f3gico para adultos y ni\u00f1os, el que se espera que para el 2024 est\u00e9 terminado.<\/p>\n<p>El a\u00f1o 2013 Elena gestion\u00f3 la Organizaci\u00f3n de Padres de Ni\u00f1os Oncol\u00f3gicos, donde se les da ayuda en recursos, pa\u00f1ales, \u00fatiles, acompa\u00f1amiento, reembolso de pasajes y apoyo psicol\u00f3gico a los padres durante el tratamiento de sus hijos. Paralelamente, trabaja hace nueve a\u00f1os como auxiliar de aseo en las carreras de salud de la Universidad Pedro de Valdivia.<\/p>\n<p>Actualmente representa a casi 200 familias que tienen hijos con c\u00e1ncer y ha visto fallecer a m\u00e1s de 90 ni\u00f1os.<\/p>\n<p>La seremi de la Mujer y la Equidad de G\u00e9nero, Iv\u00f3n Guerra valor\u00f3 que la Fundaci\u00f3n haya reconocido a Bolados, \u201c<strong>Elena es una gran mujer. Es un ejemplo. Me parece excelente esta gran mujer y persona sea una de las ganadoras de la Fundaci\u00f3n Mujer Impacta. Su trayectoria en el \u00e1mbito de apoyo en la oncolog\u00eda ha sido transversal. Su gesti\u00f3n, empuje y sobre todo su calidad humana sobresale. Es una mujer l\u00edder de nuestra regi\u00f3n de Coquimbo. Como Ministerio de la Mujer destacamos su labor y respetamos su capacidad de ayudar a los a dem\u00e1s<\/strong>\u201d.<\/p>\n<p>Respecto al proceso de la ceremonia de Mujer Impacta, la Directora y fundadora de Mujer Impacta Mar\u00eda Paz Tagle explic\u00f3, <strong>\u201cComo equipo, en la Fundaci\u00f3n Mujer Impacta recibimos e investigamos m\u00e1s de 650 historias durante la pandemia y, pese a que la situaci\u00f3n sanitaria no nos permiti\u00f3 realizar una ceremonia de premiaci\u00f3n presencial, para nosotros es esencial aplaudir y agradecer a esas mujeres por todo lo que est\u00e1n haciendo\u201d,<\/strong> concluy\u00f3.<\/p>\n<p>&nbsp;<\/p>\n<p>&nbsp;<\/p>\n","protected":false},"excerpt":{"rendered":"<p>La Fundaci\u00f3n dio a conocer las ganadoras de su premio anual en una ceremonia realizada por primera vez v\u00eda streaming.<\/p>\n","protected":false},"author":2,"featured_media":4830,"comment_status":"open","ping_status":"open","sticky":false,"template":"","format":"standard","meta":{"footnotes":""},"categories":[6],"tags":[],"class_list":["post-4829","post","type-post","status-publish","format-standard","has-post-thumbnail","hentry","category-regionales"],"_links":{"self":[{"href":"https:\/\/www.radiolimari.cl\/index.php?rest_route=\/wp\/v2\/posts\/4829","targetHints":{"allow":["GET"]}}],"collection":[{"href":"https:\/\/www.radiolimari.cl\/index.php?rest_route=\/wp\/v2\/posts"}],"about":[{"href":"https:\/\/www.radiolimari.cl\/index.php?rest_route=\/wp\/v2\/types\/post"}],"author":[{"embeddable":true,"href":"https:\/\/www.radiolimari.cl\/index.php?rest_route=\/wp\/v2\/users\/2"}],"replies":[{"embeddable":true,"href":"https:\/\/www.radiolimari.cl\/index.php?rest_route=%2Fwp%2Fv2%2Fcomments&post=4829"}],"version-history":[{"count":1,"href":"https:\/\/www.radiolimari.cl\/index.php?rest_route=\/wp\/v2\/posts\/4829\/revisions"}],"predecessor-version":[{"id":4831,"href":"https:\/\/www.radiolimari.cl\/index.php?rest_route=\/wp\/v2\/posts\/4829\/revisions\/4831"}],"wp:featuredmedia":[{"embeddable":true,"href":"https:\/\/www.radiolimari.cl\/index.php?rest_route=\/wp\/v2\/media\/4830"}],"wp:attachment":[{"href":"https:\/\/www.radiolimari.cl\/index.php?rest_route=%2Fwp%2Fv2%2Fmedia&parent=4829"}],"wp:term":[{"taxonomy":"category","embeddable":true,"href":"https:\/\/www.radiolimari.cl\/index.php?rest_route=%2Fwp%2Fv2%2Fcategories&post=4829"},{"taxonomy":"post_tag","embeddable":true,"href":"https:\/\/www.radiolimari.cl\/index.php?rest_route=%2Fwp%2Fv2%2Ftags&post=4829"}],"curies":[{"name":"wp","href":"https:\/\/api.w.org\/{rel}","templated":true}]}}