{"id":4823,"date":"2021-04-06T20:26:01","date_gmt":"2021-04-06T20:26:01","guid":{"rendered":"http:\/\/www.radiolimari.cl\/?p=4823"},"modified":"2021-04-06T20:26:01","modified_gmt":"2021-04-06T20:26:01","slug":"ovalle-contara-con-nuevas-camaras-de-televigilancia","status":"publish","type":"post","link":"https:\/\/www.radiolimari.cl\/?p=4823","title":{"rendered":"Ovalle contar\u00e1 con nuevas c\u00e1maras de Televigilancia"},"content":{"rendered":"<p><a href=\"https:\/\/www.radiolimari.cl\/wp-content\/uploads\/2021\/04\/6.4-C\u00e1maras-de-televigilancia-Ovalle-4.jpg\"><img fetchpriority=\"high\" decoding=\"async\" class=\"alignnone size-medium wp-image-4824\" src=\"https:\/\/www.radiolimari.cl\/wp-content\/uploads\/2021\/04\/6.4-C\u00e1maras-de-televigilancia-Ovalle-4-300x200.jpg\" alt=\"6.4 C\u00e1maras de televigilancia Ovalle 4\" width=\"300\" height=\"200\" srcset=\"https:\/\/www.radiolimari.cl\/wp-content\/uploads\/2021\/04\/6.4-C\u00e1maras-de-televigilancia-Ovalle-4-300x200.jpg 300w, https:\/\/www.radiolimari.cl\/wp-content\/uploads\/2021\/04\/6.4-C\u00e1maras-de-televigilancia-Ovalle-4-1024x682.jpg 1024w\" sizes=\"(max-width: 300px) 100vw, 300px\" \/><\/a><\/p>\n<p><strong><em>Esta iniciativa se concretar\u00e1, gracias a la postulaci\u00f3n que realiz\u00f3 el municipio de Ovalle a recursos de la Subsecretar\u00eda de Prevenci\u00f3n del Delito que superan los 33 millones de pesos. <\/em><\/strong><!--more--><\/p>\n<p>En los pr\u00f3ximos d\u00edas se materializar\u00e1 la instalaci\u00f3n de 41 nuevas c\u00e1maras de Televigilancia en Ovalle, esto gracias a la postulaci\u00f3n que realiz\u00f3 el municipio local a recursos de la Subsecretar\u00eda de Prevenci\u00f3n del Delito, que superan los 33 millones de pesos. Estos nuevos aparatos se instalar\u00e1n en la zona c\u00e9ntrica y algunos ser\u00e1n destinados para sectores poblacionales, con el objetivo de aumentar el mapa de monitoreo del personal de la Tercera Comisar\u00eda de Carabineros de Ovalle.<\/p>\n<p>Se trata de 9 c\u00e1maras PTZ IP que tienen la caracter\u00edstica de una visi\u00f3n en 360 grados, las cuales se situar\u00e1n en la Plaza Enrique Lobos, en la intersecci\u00f3n de Avenida Manuel Pe\u00f1afiel y Magallanes Moure y en Avenida Las Torres con Julio Mercado, en las cercan\u00edas de la Villa Tuqui. A estas se suman, la esquina de Vicu\u00f1a Mackenna con Coquimbo, la intersecci\u00f3n de calle Colo Colo y Alberto Blest Gana, adem\u00e1s de Avenida La Paz y Avenida Manuel Pe\u00f1afiel (Sector Hospital nuevo de Ovalle), Avenida La Paz y Las \u00c1guilas (Cementerio Municipal) y la intersecci\u00f3n de las calles Los Halcones y Teniente Merino.<\/p>\n<p>En esta iniciativa se incluyen 32 nuevas c\u00e1maras fijas que se situar\u00e1n principalmente en la zona c\u00e9ntrica, abarcando el Paseo Peatonal Vicu\u00f1a Mackenna y la extensi\u00f3n de Benavente y calles aleda\u00f1as, adem\u00e1s del denominado \u201cNudo Vial\u201d, la plaza Mirador III (Plaza de Los Tubos), en la alameda de Ovalle, sector Espejo de Agua, y sector Las Revueltas.<\/p>\n<p>Al respecto, el alcalde (S) de Ovalle, H\u00e9ctor Vega indic\u00f3 que es muy importante este proyecto \u201cporque nos permite aumentar considerablemente el universo de monitoreo de la ciudad, gan\u00e1ndole espacios a la delincuencia e incrementando la sensaci\u00f3n de seguridad en los vecinos. Asimismo, nos da la posibilidad de entregar una asistencia oportuna a las v\u00edctimas de delitos, y garantizar la llegada m\u00e1s expedita y r\u00e1pida de las polic\u00edas a dichos lugares\u201d<\/p>\n<p>Por su parte, la encargada de la Oficina de Seguridad P\u00fablica del municipio de Ovalle, Hortensia Flores sostuvo que concretar esta iniciativa \u201cnos permite contribuir en la disminuci\u00f3n de delitos en espacios p\u00fablicos, como robo con intimidaci\u00f3n, robo con violencia, hurtos, lesiones o robos con fuerza, pues estas c\u00e1maras ayudan en la vigilancia de las zonas que presentan mayores factores de riesgo\u201d.<\/p>\n<p>Actualmente, el proyecto se encuentra en etapa de adjudicaci\u00f3n, por lo que en los pr\u00f3ximos d\u00edas se conocer\u00e1 a la empresa encargada de ejecutar las obras de \u00a0instalaci\u00f3n en un plazo de 30 d\u00edas.<\/p>\n","protected":false},"excerpt":{"rendered":"<p>Esta iniciativa se concretar\u00e1, gracias a la postulaci\u00f3n que realiz\u00f3 el municipio de Ovalle a recursos de la Subsecretar\u00eda de Prevenci\u00f3n del Delito que superan los 33 millones de pesos.<\/p>\n","protected":false},"author":2,"featured_media":4824,"comment_status":"open","ping_status":"open","sticky":false,"template":"","format":"standard","meta":{"footnotes":""},"categories":[5],"tags":[],"class_list":["post-4823","post","type-post","status-publish","format-standard","has-post-thumbnail","hentry","category-actualidad-limarina"],"_links":{"self":[{"href":"https:\/\/www.radiolimari.cl\/index.php?rest_route=\/wp\/v2\/posts\/4823","targetHints":{"allow":["GET"]}}],"collection":[{"href":"https:\/\/www.radiolimari.cl\/index.php?rest_route=\/wp\/v2\/posts"}],"about":[{"href":"https:\/\/www.radiolimari.cl\/index.php?rest_route=\/wp\/v2\/types\/post"}],"author":[{"embeddable":true,"href":"https:\/\/www.radiolimari.cl\/index.php?rest_route=\/wp\/v2\/users\/2"}],"replies":[{"embeddable":true,"href":"https:\/\/www.radiolimari.cl\/index.php?rest_route=%2Fwp%2Fv2%2Fcomments&post=4823"}],"version-history":[{"count":1,"href":"https:\/\/www.radiolimari.cl\/index.php?rest_route=\/wp\/v2\/posts\/4823\/revisions"}],"predecessor-version":[{"id":4825,"href":"https:\/\/www.radiolimari.cl\/index.php?rest_route=\/wp\/v2\/posts\/4823\/revisions\/4825"}],"wp:featuredmedia":[{"embeddable":true,"href":"https:\/\/www.radiolimari.cl\/index.php?rest_route=\/wp\/v2\/media\/4824"}],"wp:attachment":[{"href":"https:\/\/www.radiolimari.cl\/index.php?rest_route=%2Fwp%2Fv2%2Fmedia&parent=4823"}],"wp:term":[{"taxonomy":"category","embeddable":true,"href":"https:\/\/www.radiolimari.cl\/index.php?rest_route=%2Fwp%2Fv2%2Fcategories&post=4823"},{"taxonomy":"post_tag","embeddable":true,"href":"https:\/\/www.radiolimari.cl\/index.php?rest_route=%2Fwp%2Fv2%2Ftags&post=4823"}],"curies":[{"name":"wp","href":"https:\/\/api.w.org\/{rel}","templated":true}]}}