{"id":4817,"date":"2021-04-06T20:05:00","date_gmt":"2021-04-06T20:05:00","guid":{"rendered":"http:\/\/www.radiolimari.cl\/?p=4817"},"modified":"2021-04-06T20:05:00","modified_gmt":"2021-04-06T20:05:00","slug":"a-132-anos-de-su-nacimiento-invitan-a-conmemorar-de-manera-virtual-un-nuevo-natalicio-de-gabriela-mistral","status":"publish","type":"post","link":"https:\/\/www.radiolimari.cl\/?p=4817","title":{"rendered":"A 132 a\u00f1os de su nacimiento  Invitan a conmemorar de manera virtual un nuevo natalicio de Gabriela Mistral"},"content":{"rendered":"<p><a href=\"https:\/\/www.radiolimari.cl\/wp-content\/uploads\/2021\/04\/6.4-gabriela-mistral.jpg\"><img fetchpriority=\"high\" decoding=\"async\" class=\"alignnone size-medium wp-image-4818\" src=\"https:\/\/www.radiolimari.cl\/wp-content\/uploads\/2021\/04\/6.4-gabriela-mistral-300x200.jpg\" alt=\"6.4 gabriela mistral\" width=\"300\" height=\"200\" srcset=\"https:\/\/www.radiolimari.cl\/wp-content\/uploads\/2021\/04\/6.4-gabriela-mistral-300x200.jpg 300w, https:\/\/www.radiolimari.cl\/wp-content\/uploads\/2021\/04\/6.4-gabriela-mistral.jpg 900w\" sizes=\"(max-width: 300px) 100vw, 300px\" \/><\/a><\/p>\n<p><strong>En recuerdo de los 132 a\u00f1os del natalicio de Gabriela Mistral, el Servicio Nacional del Patrimonio Cultural ofrece variados y atractivos panoramas online a la comunidad a trav\u00e9s de sus unidades regionales.<\/strong><!--more--><\/p>\n<p>Este mi\u00e9rcoles 7 de abril se cumplen 132 a\u00f1os desde que naciera en Vicu\u00f1a Lucila de Mar\u00eda Godoy Alcayaga, nombre civil de la poeta, docente e intelectual, Gabriela Mistral. Para conmemorar esta especial efem\u00e9ride, las unidades del Servicio Nacional del Patrimonio Cultural, dependiente del Ministerio de las Culturas, las Artes y el Patrimonio, ofrecer\u00e1n durante todo el presente mes una amplia gama de actividades en sus plataformas digitales.<\/p>\n<p>&nbsp;<\/p>\n<p>\u201cLa pandemia y el confinamiento que vive gran parte del pa\u00eds no ser\u00e1 un impedimento para conocer, repasar y disfrutar el inmenso legado literario que nos hered\u00f3 Gabriela Mistral, la primera mujer iberoamericana en recibir un premio Nobel. Su mensaje trasciende fronteras y \u00e9pocas, y hoy a trav\u00e9s de internet y las redes sociales la ciudadan\u00eda podr\u00e1 acercarse a la obra mistraliana desde cualquier lugar del mundo a trav\u00e9s de sus celulares, computadores y dispositivos m\u00f3viles\u201d, destac\u00f3 el seremi de las Culturas de la Regi\u00f3n de Coquimbo, Francisco Varas.<\/p>\n<p>&nbsp;<\/p>\n<p>El sitio web <a href=\"http:\/\/www.patrimoniovirtual.gob.cl\">www.patrimoniovirtual.gob.cl<\/a> ofrece a la ciudadan\u00eda un interesante recorrido virtual por el Museo Gabriela Mistral de Vicu\u00f1a, que a trav\u00e9s de una simulaci\u00f3n 3D exhibe la reconstrucci\u00f3n de la Casa Natal de Gabriela Mistral, la sala de exhibici\u00f3n permanente con todas sus vitrinas y ambientaciones, adem\u00e1s del Jard\u00edn Po\u00e9tico. A la fecha, el recinto ha recibido casi siete mil visitas virtuales desde mediados del a\u00f1o pasado.<\/p>\n<p>&nbsp;<\/p>\n<p>El mismo 7 de abril, el Museo Gabriela Mistral presentar\u00e1 a trav\u00e9s de Facebook Live la charla \u00abLos Juegos Florales de 1914: el nacimiento literario de Gabriela Mistral\u00bb, junto a Paola C\u00f3rdova, bibliotec\u00f3loga del recinto, licenciada en literatura y estudiosa mistraliana.<\/p>\n<p>La Biblioteca Regional Gabriela Mistral tambi\u00e9n acompa\u00f1ar\u00e1 a sus usuarios y usuarias con una programaci\u00f3n dedicada especialmente a autores y autoras regionales. En el marco de un nuevo natalicio de la Premio Nobel de Literatura, el mi\u00e9rcoles iniciar\u00e1 un ciclo de actividades sobre las amigas y compa\u00f1eras de vida de la poeta elquina.<\/p>\n<p>La directora regional (s) del Servicio Nacional del Patrimonio Cultural en la Regi\u00f3n de Coquimbo, Valentina Orellana, expres\u00f3: \u201cGabriela es una mujer de tres siglos, que elev\u00f3 las voces del Elqui por el mundo, anteponiendo siempre en su palabra el mundo popular, las mujeres, el campesinado, los ni\u00f1os y quienes cuyas voces no eran escuchadas en la \u00e9poca en la que vivi\u00f3. Desde la Regi\u00f3n de Coquimbo debemos mistralizar a\u00fan m\u00e1s el territorio, promover los derechos culturales y nunca perder de nuestro horizonte que la humanidad es hoy m\u00e1s que nunca, algo que podemos seguir humanizando, tal como so\u00f1ara nuestra poeta elquina\u201d.<\/p>\n<p>El recorrido comienza con Laura Rodig Pizarro (1901- 1972), artista pl\u00e1stica, maestra rural y activista feminista que ser\u00e1 retratada por Gloria Cort\u00e9s Aliaga, historiadora del arte y curadora del Museo Nacional de Bellas Artes. Para participar solo se debe acceder a las plataformas de YouTube, Instagram y Facebook de la Biblioteca Regional, a partir de las 17:00 horas.<\/p>\n<p>El jueves 8 de abril, a las 16:00 horas, se desarrollar\u00e1 un encuentro entre la Coordinaci\u00f3n Regional de Bibliotecas P\u00fablicas de Coquimbo y el Museo de la Educaci\u00f3n Gabriela Mistral de Santiago, donde su directora, la historiadora Mar\u00eda Isabel Orellana, presentar\u00e1 la charla \u00abLa imagen de Gabriela en la escuela\u00bb, que permitir\u00e1 conocer una novedosa lectura y an\u00e1lisis de los textos escolares utilizados durante el siglo XX y la forma en la que la figura de la maestra y escritora fue representada en los mismos. Las inscripciones para ser parte de su transmisi\u00f3n en vivo est\u00e1n abiertas en <a href=\"https:\/\/forms.gle\/paDwyF24sHLHV1jAA\">https:\/\/forms.gle\/paDwyF24sHLHV1jAA<\/a><\/p>\n<p>El mi\u00e9rcoles 14 de abril, a las 19:00 horas, comienza el ciclo de entrevistas \u00abCanciones Mistralianas\u201d desde la fanpage del Museo Gabriela Mistral, donde se ofrecer\u00e1 una visi\u00f3n a la inspiraci\u00f3n y la producci\u00f3n de m\u00fasicos que han interpretado la poes\u00eda de Mistral en canciones. El primer entrevistado de este ciclo es el m\u00fasico capitalino Jaime Lanfranco, director de la banda \u00abPiececitos\u00bb, quienes bajo un sonido latinoamericano buscan atraer la mirada y la escucha de ni\u00f1as y ni\u00f1os a la obra de la poeta, docente y diplom\u00e1tica elquina.<\/p>\n<p>En el mismo recinto vicu\u00f1ense, el mi\u00e9rcoles 21 de abril, a las 16:00 horas, comenzar\u00e1 la serie de c\u00e1psulas audiovisuales \u00abDesde el Jard\u00edn Po\u00e9tico\u201d, que presentar\u00e1 las diversas especies vegetales presentes en el jard\u00edn del museo, su caracterizaci\u00f3n bot\u00e1nica y su relaci\u00f3n con la literatura mistraliana.<\/p>\n<p>Todos quienes deseen seguir siendo parte de la creaci\u00f3n local, podr\u00e1n descargar de manera gratuita y leer en l\u00ednea m\u00e1s de 30 libros que forman parte del carrusel regional de Coquimbo en la Biblioteca P\u00fablica Digital. La plataforma que el a\u00f1o 2020 sum\u00f3 m\u00e1s de 500.000 descargas considera entre sus t\u00edtulos obras de Gabriela Mistral, donde los lectores podr\u00e1n conocer sus fotograf\u00edas m\u00e1s \u00edntimas con \u201c\u00c1lbum personal\u201d; libros sobre su vida orientados a ni\u00f1os y ni\u00f1as como \u201cLa peque\u00f1a Lucila: infancia de Gabriela Mistral\u201d, \u201cGabriela Mistral, poemas ilustrados\u201d o \u201cGabriela, poeta la poeta viajera\u201d; recopilaciones de sus letras m\u00e1s p\u00fablicas y siempre vigentes como \u201cGabriela Mistral, la revoluci\u00f3n mestiza de la tierra\u201d y \u201cPor la humanidad futura\u201d; al igual que su obra publicada en vida y de forma p\u00f3stuma como sus afamados \u201cLagar\u201d y \u201cPoema de Chile\u201d.<\/p>\n<p>&nbsp;<\/p>\n<p>&nbsp;<\/p>\n<p>&nbsp;<\/p>\n","protected":false},"excerpt":{"rendered":"<p>En recuerdo de los 132 a\u00f1os del natalicio de Gabriela Mistral, el Servicio Nacional del Patrimonio Cultural ofrece variados y atractivos panoramas online a la comunidad a trav\u00e9s de sus unidades regionales.<\/p>\n","protected":false},"author":2,"featured_media":4818,"comment_status":"open","ping_status":"open","sticky":false,"template":"","format":"standard","meta":{"footnotes":""},"categories":[3],"tags":[],"class_list":["post-4817","post","type-post","status-publish","format-standard","has-post-thumbnail","hentry","category-actualidad"],"_links":{"self":[{"href":"https:\/\/www.radiolimari.cl\/index.php?rest_route=\/wp\/v2\/posts\/4817","targetHints":{"allow":["GET"]}}],"collection":[{"href":"https:\/\/www.radiolimari.cl\/index.php?rest_route=\/wp\/v2\/posts"}],"about":[{"href":"https:\/\/www.radiolimari.cl\/index.php?rest_route=\/wp\/v2\/types\/post"}],"author":[{"embeddable":true,"href":"https:\/\/www.radiolimari.cl\/index.php?rest_route=\/wp\/v2\/users\/2"}],"replies":[{"embeddable":true,"href":"https:\/\/www.radiolimari.cl\/index.php?rest_route=%2Fwp%2Fv2%2Fcomments&post=4817"}],"version-history":[{"count":1,"href":"https:\/\/www.radiolimari.cl\/index.php?rest_route=\/wp\/v2\/posts\/4817\/revisions"}],"predecessor-version":[{"id":4819,"href":"https:\/\/www.radiolimari.cl\/index.php?rest_route=\/wp\/v2\/posts\/4817\/revisions\/4819"}],"wp:featuredmedia":[{"embeddable":true,"href":"https:\/\/www.radiolimari.cl\/index.php?rest_route=\/wp\/v2\/media\/4818"}],"wp:attachment":[{"href":"https:\/\/www.radiolimari.cl\/index.php?rest_route=%2Fwp%2Fv2%2Fmedia&parent=4817"}],"wp:term":[{"taxonomy":"category","embeddable":true,"href":"https:\/\/www.radiolimari.cl\/index.php?rest_route=%2Fwp%2Fv2%2Fcategories&post=4817"},{"taxonomy":"post_tag","embeddable":true,"href":"https:\/\/www.radiolimari.cl\/index.php?rest_route=%2Fwp%2Fv2%2Ftags&post=4817"}],"curies":[{"name":"wp","href":"https:\/\/api.w.org\/{rel}","templated":true}]}}