{"id":4814,"date":"2021-04-06T16:04:07","date_gmt":"2021-04-06T16:04:07","guid":{"rendered":"http:\/\/www.radiolimari.cl\/?p=4814"},"modified":"2021-04-06T16:04:07","modified_gmt":"2021-04-06T16:04:07","slug":"caso-daniela-reyes-seremi-de-la-mujer-se-reune-con-madre-de-joven-asesinada-y-reitera-su-apoyo","status":"publish","type":"post","link":"https:\/\/www.radiolimari.cl\/?p=4814","title":{"rendered":"Caso Daniela Reyes: Seremi de la Mujer se re\u00fane con madre de joven asesinada y reitera su apoyo"},"content":{"rendered":"<p><a href=\"https:\/\/www.radiolimari.cl\/wp-content\/uploads\/2021\/04\/6.4-reuni\u00f3n-caso-daniela-reyes.jpg\"><img fetchpriority=\"high\" decoding=\"async\" class=\"alignnone size-medium wp-image-4815\" src=\"https:\/\/www.radiolimari.cl\/wp-content\/uploads\/2021\/04\/6.4-reuni\u00f3n-caso-daniela-reyes-281x300.jpg\" alt=\"6.4 reuni\u00f3n caso daniela reyes\" width=\"281\" height=\"300\" srcset=\"https:\/\/www.radiolimari.cl\/wp-content\/uploads\/2021\/04\/6.4-reuni\u00f3n-caso-daniela-reyes-281x300.jpg 281w, https:\/\/www.radiolimari.cl\/wp-content\/uploads\/2021\/04\/6.4-reuni\u00f3n-caso-daniela-reyes.jpg 914w\" sizes=\"(max-width: 281px) 100vw, 281px\" \/><\/a><\/p>\n<p><strong>\u201cLa seremi de la Mujer es un gran apoyo para nosotros. Yo le pido a ella que siempre siga de nuestro lado\u201d<\/strong>, con esas palabras Mar\u00eda Espejo, madre de Daniela Reyes, se refiri\u00f3 a la reuni\u00f3n franca y emotiva que sostuvo con la Seremi de la Mujer y a\u00a0 Equidad de G\u00e9nero, Iv\u00f3n Guerra.<!--more--><\/p>\n<p>El Caso de Daniela Reyes se remonta al a\u00f1o 2017 cuando Daniela falleci\u00f3 tras haber sido violentamente golpeada durante un episodio de violencia por su entonces novio, David Espinoza Jeraldo.<\/p>\n<p>El caso de Daniela fue s\u00f3lo formalizador por lesione graves y amenazas de parte del Ministerio P\u00fablico. Este a\u00f1o el Tribunal de Juicio Oral en lo Penal de Coquimbo\u00a0 sentenci\u00f3 al imputado\u00a0 a cinco a\u00f1os de presidio menor en su grado m\u00e1ximo, esto caus\u00f3 la indignaci\u00f3n de la familia y la opini\u00f3n p\u00fablica ya que la muerte de Daniela qued\u00f3 impune porque no hubo formalizaci\u00f3n por homicidio y menos por femicidio.<\/p>\n<p>Seg\u00fan explic\u00f3 la seremi de la Mujer, Iv\u00f3n Guerra la reuni\u00f3n fue para consolidar el apoyo a la familia de Daniela, <strong>\u201cyo con la madre de Daniela hab\u00edamos tenido s\u00f3lo conversaciones v\u00eda\u00a0 contactos telef\u00f3nicos. Ahora me reun\u00ed junto a ella y su hermana. Yo empatizo con su dolor, pena y\u00a0 rabia. Como Ministerio de la Mujer buscaremos las f\u00f3rmulas de apoyarlas. La familia ha interpuesto un recurso de nulidad por este caso y esperamos qu\u00e9 va a resolver la Corte Suprema al respecto. Ac\u00e1 lo importante es que como seremi \u00a0apoyar\u00e9 con fuerza, dentro de los m\u00e1rgenes legales que tengo como seremi, a la se\u00f1ora Mar\u00eda\u201d<\/strong><\/p>\n<p>Por su parte, Mar\u00eda Espejo progenitora de Daniela, agreg\u00f3,<strong> \u201cella nos escuch\u00f3 y lo importante es que est\u00e1 el compromiso de apoyarnos en todo sentido. Es un buen apoyo para nosotras tener a la seremi de la Mujer. Yo a ella la necesito a mi lado (\u2026) El asesino es un peligro para la sociedad, yo quiero seguir luchando para que el cumpla sus a\u00f1os de c\u00e1rcel como corresponda. \u00c9l es un asesino y debe pagar<\/strong>\u201d, concluy\u00f3.<\/p>\n<p>&nbsp;<\/p>\n<p>&nbsp;<\/p>\n<p>&nbsp;<\/p>\n<p>&nbsp;<\/p>\n<p>&nbsp;<\/p>\n<p>&nbsp;<\/p>\n","protected":false},"excerpt":{"rendered":"<p>\u201cLa seremi de la Mujer es un gran apoyo para nosotros. Yo le pido a ella que siempre siga de nuestro lado\u201d, con esas palabras Mar\u00eda Espejo, madre de Daniela Reyes, se refiri\u00f3 a la reuni\u00f3n franca y emotiva que sostuvo con la Seremi de la Mujer y a\u00a0 Equidad de G\u00e9nero, Iv\u00f3n Guerra.<\/p>\n","protected":false},"author":2,"featured_media":4815,"comment_status":"open","ping_status":"open","sticky":false,"template":"","format":"standard","meta":{"footnotes":""},"categories":[6],"tags":[],"class_list":["post-4814","post","type-post","status-publish","format-standard","has-post-thumbnail","hentry","category-regionales"],"_links":{"self":[{"href":"https:\/\/www.radiolimari.cl\/index.php?rest_route=\/wp\/v2\/posts\/4814","targetHints":{"allow":["GET"]}}],"collection":[{"href":"https:\/\/www.radiolimari.cl\/index.php?rest_route=\/wp\/v2\/posts"}],"about":[{"href":"https:\/\/www.radiolimari.cl\/index.php?rest_route=\/wp\/v2\/types\/post"}],"author":[{"embeddable":true,"href":"https:\/\/www.radiolimari.cl\/index.php?rest_route=\/wp\/v2\/users\/2"}],"replies":[{"embeddable":true,"href":"https:\/\/www.radiolimari.cl\/index.php?rest_route=%2Fwp%2Fv2%2Fcomments&post=4814"}],"version-history":[{"count":1,"href":"https:\/\/www.radiolimari.cl\/index.php?rest_route=\/wp\/v2\/posts\/4814\/revisions"}],"predecessor-version":[{"id":4816,"href":"https:\/\/www.radiolimari.cl\/index.php?rest_route=\/wp\/v2\/posts\/4814\/revisions\/4816"}],"wp:featuredmedia":[{"embeddable":true,"href":"https:\/\/www.radiolimari.cl\/index.php?rest_route=\/wp\/v2\/media\/4815"}],"wp:attachment":[{"href":"https:\/\/www.radiolimari.cl\/index.php?rest_route=%2Fwp%2Fv2%2Fmedia&parent=4814"}],"wp:term":[{"taxonomy":"category","embeddable":true,"href":"https:\/\/www.radiolimari.cl\/index.php?rest_route=%2Fwp%2Fv2%2Fcategories&post=4814"},{"taxonomy":"post_tag","embeddable":true,"href":"https:\/\/www.radiolimari.cl\/index.php?rest_route=%2Fwp%2Fv2%2Ftags&post=4814"}],"curies":[{"name":"wp","href":"https:\/\/api.w.org\/{rel}","templated":true}]}}