{"id":4811,"date":"2021-04-05T17:48:14","date_gmt":"2021-04-05T17:48:14","guid":{"rendered":"http:\/\/www.radiolimari.cl\/?p=4811"},"modified":"2021-04-05T17:48:14","modified_gmt":"2021-04-05T17:48:14","slug":"seremi-de-las-culturas-region-de-coquimbo-abre-convocatoria-para-jurados-y-evaluadores-del-fondart-regional-2022","status":"publish","type":"post","link":"https:\/\/www.radiolimari.cl\/?p=4811","title":{"rendered":"Seremi de las Culturas ,Regi\u00f3n de Coquimbo, abre convocatoria para jurados y evaluadores del Fondart Regional 2022"},"content":{"rendered":"<p><a href=\"https:\/\/www.radiolimari.cl\/wp-content\/uploads\/2021\/04\/seremi-de-las-cutluras-region-de-coquimbo.jpg\"><img fetchpriority=\"high\" decoding=\"async\" class=\"alignnone size-medium wp-image-4812\" src=\"https:\/\/www.radiolimari.cl\/wp-content\/uploads\/2021\/04\/seremi-de-las-cutluras-region-de-coquimbo-300x200.jpg\" alt=\"seremi de las cutluras region de coquimbo\" width=\"300\" height=\"200\" srcset=\"https:\/\/www.radiolimari.cl\/wp-content\/uploads\/2021\/04\/seremi-de-las-cutluras-region-de-coquimbo-300x200.jpg 300w, https:\/\/www.radiolimari.cl\/wp-content\/uploads\/2021\/04\/seremi-de-las-cutluras-region-de-coquimbo-1024x682.jpg 1024w\" sizes=\"(max-width: 300px) 100vw, 300px\" \/><\/a><\/p>\n<p style=\"font-weight: 400;\"><strong>\u00a0<\/strong><strong>El plazo para las postulaciones expira el viernes 16 de abril y los interesados deben entregar sus antecedentes al correo electr\u00f3nico\u00a0<\/strong><a href=\"mailto:mariac.morgado@cultura.gob.cl\"><strong>mariac.morgado@cultura.gob.cl<\/strong><\/a><!--more--><\/p>\n<p style=\"font-weight: 400;\">La Secretar\u00eda Regional Ministerial de las Culturas, las Artes y el Patrimonio invita a artistas, gestores, acad\u00e9micos y trabajadores de las culturas de la Regi\u00f3n de Coquimbo a ser parte del proceso de postulaci\u00f3n para el Comit\u00e9 de Evaluadores y Jurados del Fondo Nacional de Desarrollo Cultural y de las Artes (Fondart) en su l\u00ednea regional 2022.<\/p>\n<p style=\"font-weight: 400;\">La convocatoria est\u00e1 dirigida a especialistas, con estudios formales y no formales, del sector de las artes, cultura y patrimonio en disciplinas como artes visuales, fotograf\u00eda, nuevos medios, arquitectura, dise\u00f1o, artesan\u00eda, folclor, pueblos originarios, patrimonio, y turismo cultural. Se considerar\u00e1 los cursos de formaci\u00f3n, especializaci\u00f3n y\/o capacitaci\u00f3n en estos \u00e1mbitos.<\/p>\n<p style=\"font-weight: 400;\">Al respecto, el seremi de las Culturas, Francisco Varas, se\u00f1al\u00f3 que \u201cqueremos contar con miradas diversas sobre los proyectos que se presentar\u00e1n a los Fondos de Cultura 2022, a trav\u00e9s de jurados y evaluadores que adem\u00e1s tengan opiniones externas, fundadas e independientes ante el proceso de selecci\u00f3n\u201d.<\/p>\n<p style=\"font-weight: 400;\">Los antecedentes deben ser enviados al correo electr\u00f3nico\u00a0<a href=\"mailto:mariac.morgado@cultura.gob.cl\"><strong>mariac.morgado@cultura.gob.cl<\/strong><\/a><strong>,\u00a0<\/strong>siendo el<strong>\u00a0<\/strong>viernes 16 de abril del presente a\u00f1o la fecha tope para postular.<strong>\u00a0<\/strong><\/p>\n<p style=\"font-weight: 400;\">Para esta convocatoria no podr\u00e1n ser jurados o evaluadores aquellas personas que mantengan situaciones pendientes con el Ministerio de las Culturas, las Artes y el Patrimonio, como tampoco quienes sean integrantes de los Consejos Regionales. Adem\u00e1s, los postulantes deben conocer el proceso de evaluaci\u00f3n, familiariz\u00e1ndose con las orientaciones generales, criterios de evaluaci\u00f3n y materiales disponibles.<\/p>\n<p style=\"font-weight: 400;\">Revisa el perfil de los evaluadores\u00a0<a href=\"https:\/\/www.cultura.gob.cl\/wp-content\/uploads\/2021\/03\/perfil-evaluadores-y-jurados.pdf\" data-saferedirecturl=\"https:\/\/www.google.com\/url?q=https:\/\/www.cultura.gob.cl\/wp-content\/uploads\/2021\/03\/perfil-evaluadores-y-jurados.pdf&amp;source=gmail&amp;ust=1617730397114000&amp;usg=AFQjCNGd84pUCttNek_PptJ0Mcvx4NQPpQ\"><strong>AQU\u00cd<\/strong><\/a><strong>.<\/strong><\/p>\n","protected":false},"excerpt":{"rendered":"<p>\u00a0El plazo para las postulaciones expira el viernes 16 de abril y los interesados deben entregar sus antecedentes al correo electr\u00f3nico\u00a0mariac.morgado@cultura.gob.cl<\/p>\n","protected":false},"author":2,"featured_media":4812,"comment_status":"open","ping_status":"open","sticky":false,"template":"","format":"standard","meta":{"footnotes":""},"categories":[6],"tags":[],"class_list":["post-4811","post","type-post","status-publish","format-standard","has-post-thumbnail","hentry","category-regionales"],"_links":{"self":[{"href":"https:\/\/www.radiolimari.cl\/index.php?rest_route=\/wp\/v2\/posts\/4811","targetHints":{"allow":["GET"]}}],"collection":[{"href":"https:\/\/www.radiolimari.cl\/index.php?rest_route=\/wp\/v2\/posts"}],"about":[{"href":"https:\/\/www.radiolimari.cl\/index.php?rest_route=\/wp\/v2\/types\/post"}],"author":[{"embeddable":true,"href":"https:\/\/www.radiolimari.cl\/index.php?rest_route=\/wp\/v2\/users\/2"}],"replies":[{"embeddable":true,"href":"https:\/\/www.radiolimari.cl\/index.php?rest_route=%2Fwp%2Fv2%2Fcomments&post=4811"}],"version-history":[{"count":1,"href":"https:\/\/www.radiolimari.cl\/index.php?rest_route=\/wp\/v2\/posts\/4811\/revisions"}],"predecessor-version":[{"id":4813,"href":"https:\/\/www.radiolimari.cl\/index.php?rest_route=\/wp\/v2\/posts\/4811\/revisions\/4813"}],"wp:featuredmedia":[{"embeddable":true,"href":"https:\/\/www.radiolimari.cl\/index.php?rest_route=\/wp\/v2\/media\/4812"}],"wp:attachment":[{"href":"https:\/\/www.radiolimari.cl\/index.php?rest_route=%2Fwp%2Fv2%2Fmedia&parent=4811"}],"wp:term":[{"taxonomy":"category","embeddable":true,"href":"https:\/\/www.radiolimari.cl\/index.php?rest_route=%2Fwp%2Fv2%2Fcategories&post=4811"},{"taxonomy":"post_tag","embeddable":true,"href":"https:\/\/www.radiolimari.cl\/index.php?rest_route=%2Fwp%2Fv2%2Ftags&post=4811"}],"curies":[{"name":"wp","href":"https:\/\/api.w.org\/{rel}","templated":true}]}}