{"id":4805,"date":"2021-04-05T01:21:23","date_gmt":"2021-04-05T01:21:23","guid":{"rendered":"http:\/\/www.radiolimari.cl\/?p=4805"},"modified":"2021-04-05T01:21:23","modified_gmt":"2021-04-05T01:21:23","slug":"este-lunes-se-inicia-la-vacunacion-contra-la-influenza-en-ovalle","status":"publish","type":"post","link":"https:\/\/www.radiolimari.cl\/?p=4805","title":{"rendered":"Este lunes se inicia la vacunaci\u00f3n contra la Influenza en Ovalle"},"content":{"rendered":"<p><a href=\"https:\/\/www.radiolimari.cl\/wp-content\/uploads\/2021\/04\/4.4-Vacunaci\u00f3n-Influenza.jpg\"><img fetchpriority=\"high\" decoding=\"async\" class=\"alignnone size-medium wp-image-4806\" src=\"https:\/\/www.radiolimari.cl\/wp-content\/uploads\/2021\/04\/4.4-Vacunaci\u00f3n-Influenza-300x225.jpg\" alt=\"4.4 Vacunaci\u00f3n Influenza\" width=\"300\" height=\"225\" srcset=\"https:\/\/www.radiolimari.cl\/wp-content\/uploads\/2021\/04\/4.4-Vacunaci\u00f3n-Influenza-300x225.jpg 300w, https:\/\/www.radiolimari.cl\/wp-content\/uploads\/2021\/04\/4.4-Vacunaci\u00f3n-Influenza-1024x768.jpg 1024w\" sizes=\"(max-width: 300px) 100vw, 300px\" \/><\/a><\/p>\n<p><strong><em>El proceso se desarrollar\u00e1 en el Estadio Municipal Diaguita y tambi\u00e9n en los centro de atenci\u00f3n primaria de la comuna, donde quienes integren la \u201cpoblaci\u00f3n objetivo\u201d podr\u00e1n solicitar su vacuna y protegerse frente a los efectos graves de esta enfermedad. <\/em><\/strong><!--more--><\/p>\n<p>Es una de las amenazas frecuentes del invierno. La influenza se ha convertido en una de las enfermedades respiratorias que m\u00e1s complica a los chilenos, principalmente a los adultos mayores. Es por esta raz\u00f3n, que este lunes 5 de abril se inicia oficialmente la vacunaci\u00f3n para el grupo objetivo que ha designado el ministerio de Salud, con el fin de evitar los efectos graves de este virus.<\/p>\n<p>La poblaci\u00f3n que deber\u00e1 recibir esta dosis ser\u00e1 el personal del \u00e1rea de la Salud, sector p\u00fablico y privado, personas de 65 a\u00f1os y m\u00e1s, todas las embarazadas, ni\u00f1os y ni\u00f1as de seis meses hasta los que cursan 5\u00b0a\u00f1o b\u00e1sico y los enfermos cr\u00f3nicos entre los 11 y los 64 a\u00f1os. A ellos se suman, los funcionarios de los recintos de atenci\u00f3n cerrada (ELEAM, SENADIS, SENAME, hospitales y establecimientos psiqui\u00e1tricos) y el personal de las residencias sanitarias.<\/p>\n<p>En el caso de Ovalle, \u201clas personas mayores de 18 a\u00f1os ser\u00e1n inoculadas en el Estadio Municipal Diaguita, donde se acondicionar\u00e1n vacunatorios, que se complementar\u00e1n con los destinados para la vacunaci\u00f3n contra el Covid-19. Los menores de 18 a\u00f1os y mujeres embarazadas podr\u00e1n vacunarse en los Cesfam Marcos Macuada, Jorge Jord\u00e1n y Fray Jorge en el sector urbano, seg\u00fan corresponda, a lo que se suman los Cesfam de Cerrillos de Tamaya y Sotaqui para el \u00e1rea rural\u201d sostuvo la jefa del Departamento de Salud Municipal, \u00c1ngela Neira.<\/p>\n<p>Al igual que la vacunaci\u00f3n contra el Covid-19, este proceso ser\u00e1 parcelado. El lunes 5 de abril ser\u00e1 el turno de los mayores de 90 a\u00f1os y embarazadas con 33 semanas de gestaci\u00f3n. El martes 6 de abril les corresponder\u00e1 a los adultos mayores de 87, 88 y 89 a\u00f1os y las embarazadas que tengan entre 25 y 35 semanas. Asimismo, el mi\u00e9rcoles 7 podr\u00e1n solicitar su vacuna las personas de 84, 85 y 86 a\u00f1os y las embarazadas con edad gestacional entre las 17 y 24 semanas. El jueves 8 de abril deber\u00e1n hacerlo los adultos mayores de 82 y 83 a\u00f1os y embarazadas con menos de 16 semanas y finalmente el viernes 9 de abril podr\u00e1n solicitar su inoculaci\u00f3n las personas de 80 y 81 a\u00f1os y las embarazadas que no hayan podido ir el d\u00eda en que les correspond\u00eda.<\/p>\n<p>Durante la semana comprendida entre el 5 y el 9 de abril podr\u00e1n vacunarse los funcionarios de los recintos de atenci\u00f3n cerrada (ELEAM, SENADIS, SENAME, hospitales y establecimientos psiqui\u00e1tricos) y el personal de las residencias sanitarias.<\/p>\n<p>De acuerdo a lo indicado por el ministerio de Salud, quienes reciban la primera, como segunda dosis de la vacuna contra el Covid-19 tendr\u00e1n que esperar 14 d\u00edas para inocularse contra la Influenza.<\/p>\n<p>Esta enfermedad puede ser mortal, pues ataca los pulmones, la nariz y la garganta. Los ni\u00f1os, los adultos mayores, las embarazadas y las personas con enfermedades cr\u00f3nicas o con el sistema inmunol\u00f3gico d\u00e9bil son quienes corren m\u00e1s riesgo por eso es esencial la vacunaci\u00f3n.<\/p>\n","protected":false},"excerpt":{"rendered":"<p>El proceso se desarrollar\u00e1 en el Estadio Municipal Diaguita y tambi\u00e9n en los centro de atenci\u00f3n primaria de la comuna, donde quienes integren la \u201cpoblaci\u00f3n objetivo\u201d podr\u00e1n solicitar su vacuna y protegerse frente a los efectos graves de esta enfermedad.<\/p>\n","protected":false},"author":2,"featured_media":4806,"comment_status":"open","ping_status":"open","sticky":false,"template":"","format":"standard","meta":{"footnotes":""},"categories":[5],"tags":[],"class_list":["post-4805","post","type-post","status-publish","format-standard","has-post-thumbnail","hentry","category-actualidad-limarina"],"_links":{"self":[{"href":"https:\/\/www.radiolimari.cl\/index.php?rest_route=\/wp\/v2\/posts\/4805","targetHints":{"allow":["GET"]}}],"collection":[{"href":"https:\/\/www.radiolimari.cl\/index.php?rest_route=\/wp\/v2\/posts"}],"about":[{"href":"https:\/\/www.radiolimari.cl\/index.php?rest_route=\/wp\/v2\/types\/post"}],"author":[{"embeddable":true,"href":"https:\/\/www.radiolimari.cl\/index.php?rest_route=\/wp\/v2\/users\/2"}],"replies":[{"embeddable":true,"href":"https:\/\/www.radiolimari.cl\/index.php?rest_route=%2Fwp%2Fv2%2Fcomments&post=4805"}],"version-history":[{"count":1,"href":"https:\/\/www.radiolimari.cl\/index.php?rest_route=\/wp\/v2\/posts\/4805\/revisions"}],"predecessor-version":[{"id":4807,"href":"https:\/\/www.radiolimari.cl\/index.php?rest_route=\/wp\/v2\/posts\/4805\/revisions\/4807"}],"wp:featuredmedia":[{"embeddable":true,"href":"https:\/\/www.radiolimari.cl\/index.php?rest_route=\/wp\/v2\/media\/4806"}],"wp:attachment":[{"href":"https:\/\/www.radiolimari.cl\/index.php?rest_route=%2Fwp%2Fv2%2Fmedia&parent=4805"}],"wp:term":[{"taxonomy":"category","embeddable":true,"href":"https:\/\/www.radiolimari.cl\/index.php?rest_route=%2Fwp%2Fv2%2Fcategories&post=4805"},{"taxonomy":"post_tag","embeddable":true,"href":"https:\/\/www.radiolimari.cl\/index.php?rest_route=%2Fwp%2Fv2%2Ftags&post=4805"}],"curies":[{"name":"wp","href":"https:\/\/api.w.org\/{rel}","templated":true}]}}