{"id":4802,"date":"2021-04-02T17:01:54","date_gmt":"2021-04-02T17:01:54","guid":{"rendered":"http:\/\/www.radiolimari.cl\/?p=4802"},"modified":"2021-04-02T17:01:54","modified_gmt":"2021-04-02T17:01:54","slug":"rally-mobil-no-se-realizara-en-ovalle","status":"publish","type":"post","link":"https:\/\/www.radiolimari.cl\/?p=4802","title":{"rendered":"Rally Mobil no se realizar\u00e1 en Ovalle"},"content":{"rendered":"<p><a href=\"https:\/\/www.radiolimari.cl\/wp-content\/uploads\/2021\/04\/2.4-Rally-Mobil-2.jpg\"><img fetchpriority=\"high\" decoding=\"async\" class=\"alignnone size-medium wp-image-4803\" src=\"https:\/\/www.radiolimari.cl\/wp-content\/uploads\/2021\/04\/2.4-Rally-Mobil-2-300x199.jpg\" alt=\"2.4 Rally Mobil 2\" width=\"300\" height=\"199\" srcset=\"https:\/\/www.radiolimari.cl\/wp-content\/uploads\/2021\/04\/2.4-Rally-Mobil-2-300x199.jpg 300w, https:\/\/www.radiolimari.cl\/wp-content\/uploads\/2021\/04\/2.4-Rally-Mobil-2-1024x681.jpg 1024w, https:\/\/www.radiolimari.cl\/wp-content\/uploads\/2021\/04\/2.4-Rally-Mobil-2.jpg 1353w\" sizes=\"(max-width: 300px) 100vw, 300px\" \/><\/a><\/p>\n<p><strong><em>Si bien, la organizaci\u00f3n del evento deportivo ten\u00eda considerada a la capital limarina para la fecha que se desarrollar\u00eda entre el 28 y el 30 de mayo, la contingencia sanitaria y el cuidado de la salud de las personas, primaron para que el municipio de Ovalle suspendiera la competencia. \u00a0<\/em><\/strong><!--more--><\/p>\n<p>Ovalle no ser\u00e1 parte de la programaci\u00f3n del Rally Mobil. As\u00ed lo indicaron desde el municipio local, puesto que la contingencia sanitaria y el cuidado que deben mantener las personas para disminuir los \u00edndices de contagio de Covid-19, primaron para que desde la administraci\u00f3n local tomaran la decisi\u00f3n de suspender el evento deportivo, que se realizar\u00eda entre el 28 y 30 de mayo.<\/p>\n<p>Recordemos, que el pasado 26 de enero se aprob\u00f3 por mayor\u00eda en el Concejo Municipal el desarrollo de este evento, pero \u201cse hizo en un contexto distinto, nos encontr\u00e1bamos en Fase 3 y adem\u00e1s, en todo momento se indic\u00f3 que la realizaci\u00f3n del evento estaba condicionada a la situaci\u00f3n sanitaria. Nuestro escenario ahora es grave y no est\u00e1n dadas las condiciones para apoyar esta actividad en la fecha programada. Adem\u00e1s, no sabemos qu\u00e9 suceder\u00e1 en ese momento con respecto a la pandemia, por lo que creo que la mejor decisi\u00f3n es suspender el evento\u201d indic\u00f3 el alcalde (S) de Ovalle, H\u00e9ctor Vega Campusano.<\/p>\n<p>Cabe mencionar, que actualmente Ovalle se encuentra en FASE I o de Cuarentena total, con 180 casos activos de COVID-19, \u201csituaci\u00f3n que nos hace enfocarnos en nuestras labores propias establecidas en la Ley Org\u00e1nica Constitucional de Municipalidades, como lo es resguardar la salud p\u00fablica, la prevenci\u00f3n de riesgos, y la prestaci\u00f3n de auxilio en caso de emergencia. Creo que en estos momentos debemos centrarnos en trabajar en la contingencia sanitaria, apoyar la labor m\u00e9dica y garantizar un correcto proceso de vacunaci\u00f3n para nuestra comunidad, esta es nuestra prioridad ahora. Le informamos nuestra decisi\u00f3n a la organizaci\u00f3n del evento, encabezada por Felipe Horta, y esperamos, a futuro, poder retomar las conversaciones y evaluar la ejecuci\u00f3n de esta importante iniciativa deportiva, que tuvo mucho \u00e9xito en Ovalle, pero siempre que las condiciones sanitarias as\u00ed lo permitan\u201d agreg\u00f3 Vega Campusano.<\/p>\n<p>Recordemos, que esta competencia se realiz\u00f3 con gran \u00e9xito en la comuna el 21, 22 y 23 de junio de 2019, lo que trajo consigo una alta cantidad de fan\u00e1ticos \u201ctuercas\u201d de varias partes de nuestro pa\u00eds, quienes disfrutaron de una de las competencias m\u00e1s importantes del mundo del automovilismo.<\/p>\n","protected":false},"excerpt":{"rendered":"<p>Si bien, la organizaci\u00f3n del evento deportivo ten\u00eda considerada a la capital limarina para la fecha que se desarrollar\u00eda entre el 28 y el 30 de mayo, la contingencia sanitaria y el cuidado de la salud de las personas, primaron para que el municipio de Ovalle suspendiera la competencia. \u00a0<\/p>\n","protected":false},"author":2,"featured_media":4803,"comment_status":"open","ping_status":"open","sticky":false,"template":"","format":"standard","meta":{"footnotes":""},"categories":[6],"tags":[],"class_list":["post-4802","post","type-post","status-publish","format-standard","has-post-thumbnail","hentry","category-regionales"],"_links":{"self":[{"href":"https:\/\/www.radiolimari.cl\/index.php?rest_route=\/wp\/v2\/posts\/4802","targetHints":{"allow":["GET"]}}],"collection":[{"href":"https:\/\/www.radiolimari.cl\/index.php?rest_route=\/wp\/v2\/posts"}],"about":[{"href":"https:\/\/www.radiolimari.cl\/index.php?rest_route=\/wp\/v2\/types\/post"}],"author":[{"embeddable":true,"href":"https:\/\/www.radiolimari.cl\/index.php?rest_route=\/wp\/v2\/users\/2"}],"replies":[{"embeddable":true,"href":"https:\/\/www.radiolimari.cl\/index.php?rest_route=%2Fwp%2Fv2%2Fcomments&post=4802"}],"version-history":[{"count":1,"href":"https:\/\/www.radiolimari.cl\/index.php?rest_route=\/wp\/v2\/posts\/4802\/revisions"}],"predecessor-version":[{"id":4804,"href":"https:\/\/www.radiolimari.cl\/index.php?rest_route=\/wp\/v2\/posts\/4802\/revisions\/4804"}],"wp:featuredmedia":[{"embeddable":true,"href":"https:\/\/www.radiolimari.cl\/index.php?rest_route=\/wp\/v2\/media\/4803"}],"wp:attachment":[{"href":"https:\/\/www.radiolimari.cl\/index.php?rest_route=%2Fwp%2Fv2%2Fmedia&parent=4802"}],"wp:term":[{"taxonomy":"category","embeddable":true,"href":"https:\/\/www.radiolimari.cl\/index.php?rest_route=%2Fwp%2Fv2%2Fcategories&post=4802"},{"taxonomy":"post_tag","embeddable":true,"href":"https:\/\/www.radiolimari.cl\/index.php?rest_route=%2Fwp%2Fv2%2Ftags&post=4802"}],"curies":[{"name":"wp","href":"https:\/\/api.w.org\/{rel}","templated":true}]}}