{"id":4799,"date":"2021-04-02T16:54:02","date_gmt":"2021-04-02T16:54:02","guid":{"rendered":"http:\/\/www.radiolimari.cl\/?p=4799"},"modified":"2021-04-02T16:54:02","modified_gmt":"2021-04-02T16:54:02","slug":"gobernacion-de-limari-monitorea-cuarentena-en-ovalle-en-fin-de-semana-largo","status":"publish","type":"post","link":"https:\/\/www.radiolimari.cl\/?p=4799","title":{"rendered":"Gobernaci\u00f3n de Limar\u00ed monitorea cuarentena en Ovalle en fin de semana largo"},"content":{"rendered":"<p><a href=\"https:\/\/www.radiolimari.cl\/wp-content\/uploads\/2021\/04\/2.4-feria-libre.jpg\"><img fetchpriority=\"high\" decoding=\"async\" class=\"alignnone size-medium wp-image-4800\" src=\"https:\/\/www.radiolimari.cl\/wp-content\/uploads\/2021\/04\/2.4-feria-libre-300x224.jpg\" alt=\"2.4 feria libre\" width=\"300\" height=\"224\" srcset=\"https:\/\/www.radiolimari.cl\/wp-content\/uploads\/2021\/04\/2.4-feria-libre-300x224.jpg 300w, https:\/\/www.radiolimari.cl\/wp-content\/uploads\/2021\/04\/2.4-feria-libre-1024x766.jpg 1024w, https:\/\/www.radiolimari.cl\/wp-content\/uploads\/2021\/04\/2.4-feria-libre.jpg 1440w\" sizes=\"(max-width: 300px) 100vw, 300px\" \/><\/a><\/p>\n<p><strong><em>Se espera que la ciudadan\u00eda reduzca su movilidad para evitar contagios por coronavirus<\/em><\/strong><!--more--><\/p>\n<p>Este Viernes Santo 2021, el Gobernador de Limar\u00ed Iv\u00e1n Espinoza encabez\u00f3 una ronda de monitoreo de las fiscalizaciones en el centro de la ciudad de Ovalle. En la Feria Modelo se observa un flujo importante de personas en el sector de pescader\u00eda, misma situaci\u00f3n que en pescader\u00edas del centro de la ciudad, donde personal militar y de la SEREMI de Salud colaboran ordenando filas, solicitando permisos y fiscalizando el buen uso de estos.<\/p>\n<p>En contraparte, el centro de la ciudad de Ovalle, el paseo peatonal Vicu\u00f1a Mackenna, se encuentra despejado y con casi la totalidad del comercio cerrado al p\u00fablico, respetando las disposiciones sanitarias por cuarentena.<\/p>\n<p>El Delegado de la Defensa Nacional en la Provincia de Limar\u00ed Dar\u00edo Roa, indic\u00f3 que \u201cprincipalmente nos enfocamos en la Feria Modelo donde se encuentra en distintos lugares de venta de pescado y en las pescader\u00edas que se encuentran en la Alameda. Hemos detectado una aglomeraci\u00f3n de personas aunque casi en su totalidad cuentan con su permiso, pero tambi\u00e9n hay gente que viene acompa\u00f1ada y eso hace que se produzcan m\u00e1s aglomeraciones. As\u00ed que con el personal de ej\u00e9rcito personal de salud hemos ordenado las filas y hemos estado controlando a las personas\u201d.<\/p>\n<p>Por su parte, el Gobernador Provincial de Limar\u00ed Iv\u00e1n Espinoza, indic\u00f3 que \u201ccomo es tradicional, los fines de semana hemos salido a monitorear, verificar y colaborar en los controles que hemos dejado establecidos en esta cuarentena. En las diferentes comunas de la provincia, notamos un escenario distinto este fin de semana por cuanto es Semana Santa y evidentemente hay ciertos intereses de la ciudadan\u00eda en recurrir a locales comerciales. Sin embargo, hemos notado que los locatarios y tambi\u00e9n los administradores de la feria particularmente, han estado bastante bien organizados y han conservado y preservado las recomendaciones de la autoridad sanitaria de manera que hay una conformidad de parte nuestra\u201d.<\/p>\n<p>Adem\u00e1s, la m\u00e1xima autoridad provincial hizo un llamado a la ciudadan\u00eda a evitar las reuniones sociales \u201cen general, el comportamiento de la ciudadan\u00eda hoy es acorde con las necesidades, una vez m\u00e1s la recomendaci\u00f3n es precisamente seguir poni\u00e9ndole mucho empe\u00f1o al autocuidado y en el cuidado tambi\u00e9n de las familias, porque los fines de semana\u00a0 no hay mucho movimiento laboral pero si familiar. Respetar las normas entre las familias, por cuanto es uno de los focos m\u00e1s importantes en la multiplicaci\u00f3n de coronavirus\u201d<\/p>\n","protected":false},"excerpt":{"rendered":"<p>Se espera que la ciudadan\u00eda reduzca su movilidad para evitar contagios por coronavirus<\/p>\n","protected":false},"author":2,"featured_media":4800,"comment_status":"open","ping_status":"open","sticky":false,"template":"","format":"standard","meta":{"footnotes":""},"categories":[3],"tags":[],"class_list":["post-4799","post","type-post","status-publish","format-standard","has-post-thumbnail","hentry","category-actualidad"],"_links":{"self":[{"href":"https:\/\/www.radiolimari.cl\/index.php?rest_route=\/wp\/v2\/posts\/4799","targetHints":{"allow":["GET"]}}],"collection":[{"href":"https:\/\/www.radiolimari.cl\/index.php?rest_route=\/wp\/v2\/posts"}],"about":[{"href":"https:\/\/www.radiolimari.cl\/index.php?rest_route=\/wp\/v2\/types\/post"}],"author":[{"embeddable":true,"href":"https:\/\/www.radiolimari.cl\/index.php?rest_route=\/wp\/v2\/users\/2"}],"replies":[{"embeddable":true,"href":"https:\/\/www.radiolimari.cl\/index.php?rest_route=%2Fwp%2Fv2%2Fcomments&post=4799"}],"version-history":[{"count":1,"href":"https:\/\/www.radiolimari.cl\/index.php?rest_route=\/wp\/v2\/posts\/4799\/revisions"}],"predecessor-version":[{"id":4801,"href":"https:\/\/www.radiolimari.cl\/index.php?rest_route=\/wp\/v2\/posts\/4799\/revisions\/4801"}],"wp:featuredmedia":[{"embeddable":true,"href":"https:\/\/www.radiolimari.cl\/index.php?rest_route=\/wp\/v2\/media\/4800"}],"wp:attachment":[{"href":"https:\/\/www.radiolimari.cl\/index.php?rest_route=%2Fwp%2Fv2%2Fmedia&parent=4799"}],"wp:term":[{"taxonomy":"category","embeddable":true,"href":"https:\/\/www.radiolimari.cl\/index.php?rest_route=%2Fwp%2Fv2%2Fcategories&post=4799"},{"taxonomy":"post_tag","embeddable":true,"href":"https:\/\/www.radiolimari.cl\/index.php?rest_route=%2Fwp%2Fv2%2Ftags&post=4799"}],"curies":[{"name":"wp","href":"https:\/\/api.w.org\/{rel}","templated":true}]}}