{"id":4796,"date":"2021-04-02T16:43:02","date_gmt":"2021-04-02T16:43:02","guid":{"rendered":"http:\/\/www.radiolimari.cl\/?p=4796"},"modified":"2021-04-02T16:43:02","modified_gmt":"2021-04-02T16:43:02","slug":"pdi-detiene-a-sujeto-por-microtrafico-y-atemorizar-con-armas-a-vecinos-de-el-palqui-comuna-de-monte-patria","status":"publish","type":"post","link":"https:\/\/www.radiolimari.cl\/?p=4796","title":{"rendered":"PDI detiene a sujeto por microtr\u00e1fico y atemorizar con armas a vecinos de El Palqui, comuna de Monte Patria"},"content":{"rendered":"<p><a href=\"https:\/\/www.radiolimari.cl\/wp-content\/uploads\/2021\/04\/2.4-DETENIDO-EL-PALQUI-BAJO.jpeg\"><img fetchpriority=\"high\" decoding=\"async\" class=\"alignnone size-medium wp-image-4797\" src=\"https:\/\/www.radiolimari.cl\/wp-content\/uploads\/2021\/04\/2.4-DETENIDO-EL-PALQUI-BAJO-300x224.jpeg\" alt=\"2.4 DETENIDO EL PALQUI BAJO\" width=\"300\" height=\"224\" srcset=\"https:\/\/www.radiolimari.cl\/wp-content\/uploads\/2021\/04\/2.4-DETENIDO-EL-PALQUI-BAJO-300x224.jpeg 300w, https:\/\/www.radiolimari.cl\/wp-content\/uploads\/2021\/04\/2.4-DETENIDO-EL-PALQUI-BAJO-1024x766.jpeg 1024w, https:\/\/www.radiolimari.cl\/wp-content\/uploads\/2021\/04\/2.4-DETENIDO-EL-PALQUI-BAJO.jpeg 1280w\" sizes=\"(max-width: 300px) 100vw, 300px\" \/><\/a><\/p>\n<p>Investigaci\u00f3n del equipo especialista Microtr\u00e1fico Cero (MT0) tuvo resultados positivos para la comunidad, porque el imputado qued\u00f3 en prisi\u00f3n preventiva.<!--more--><\/p>\n<p>La inseguridad que provoca el tr\u00e1fico de drogas, es una realidad que viv\u00edan a diario los vecinos y las familias del sector El Palqui Bajo en la comuna de Monte Patria.<\/p>\n<p>Con armas de fuego, un sujeto amenazaba a dicha comunidad y adem\u00e1s sembraba el terror cuando era protagonista de enfrentamientos, con otros individuos, por las rencillas que se originaban debido a esta actividad il\u00edcita.<\/p>\n<p>La alerta lleg\u00f3 hasta la Brigada de Investigaci\u00f3n Criminal Ovalle, que a trav\u00e9s de su equipo especialista Microtr\u00e1fico Cero (MT0) comenz\u00f3 las indagaciones, en coordinaci\u00f3n con la fiscal\u00eda local.<\/p>\n<p>Tras una oportuna y minuciosa labor de an\u00e1lisis criminal e inteligencia policial, los detectives lograron dar con el paradero del sujeto de 40 a\u00f1os y planificar el procedimiento para su detenci\u00f3n en su domicilio ubicado en la calle Las Palmeras del Palqui Bajo.<\/p>\n<p><strong><em>\u201cEfectuamos la entrada y registro al inmueble autorizados por una orden judicial y logramos detener al imputado y a su hija de 20 a\u00f1os, en flagrancia, ambos por los delitos de tr\u00e1fico de droga en peque\u00f1as cantidades y por infracci\u00f3n a la Ley de Armas, al encontrar en su poder munici\u00f3n y 219 gramos de cannabis procesada\u201d,<\/em><\/strong> se\u00f1al\u00f3 el comisario Javier Rodr\u00edguez, jefe de la Brigada de Investigaci\u00f3n Criminal Ovalle.<\/p>\n<p>El padre y su hija fueron puestos a disposici\u00f3n del Juzgado de Garant\u00eda, por instrucci\u00f3n del fiscal de drogas, donde se decret\u00f3 la legalidad de la detenci\u00f3n. El imputado qued\u00f3 en prisi\u00f3n preventiva y la imputada con la medida cautelar de firma mensual, mientras dure la investigaci\u00f3n en un plazo de 70 d\u00edas.<\/p>\n<p><strong><em>\u201cEste es un procedimiento positivo porque trae tranquilidad a la comunidad, al sacar de circulaci\u00f3n a un imputado que se dedicaba al tr\u00e1fico de drogas en peque\u00f1as cantidades y porque permanentemente amedrentaba a la poblaci\u00f3n con arma de fuego y provocaba inseguridad por las rencillas con otros sujetos que estamos investigando\u201d,<\/em><\/strong> se\u00f1al\u00f3 el jefe de la Brigada de Investigaci\u00f3n Criminal Ovalle.<\/p>\n<p>Desde la PDI hacen un llamado a la comunidad para realizar las denuncias cuando se vean amenazados por la acci\u00f3n de los delincuentes, colaborando con la entrega de informaci\u00f3n, de manera confidencial, en el fono 134.<\/p>\n","protected":false},"excerpt":{"rendered":"<p>Investigaci\u00f3n del equipo especialista Microtr\u00e1fico Cero (MT0) tuvo resultados positivos para la comunidad, porque el imputado qued\u00f3 en prisi\u00f3n preventiva.<\/p>\n","protected":false},"author":2,"featured_media":4797,"comment_status":"open","ping_status":"open","sticky":false,"template":"","format":"standard","meta":{"footnotes":""},"categories":[5],"tags":[],"class_list":["post-4796","post","type-post","status-publish","format-standard","has-post-thumbnail","hentry","category-actualidad-limarina"],"_links":{"self":[{"href":"https:\/\/www.radiolimari.cl\/index.php?rest_route=\/wp\/v2\/posts\/4796","targetHints":{"allow":["GET"]}}],"collection":[{"href":"https:\/\/www.radiolimari.cl\/index.php?rest_route=\/wp\/v2\/posts"}],"about":[{"href":"https:\/\/www.radiolimari.cl\/index.php?rest_route=\/wp\/v2\/types\/post"}],"author":[{"embeddable":true,"href":"https:\/\/www.radiolimari.cl\/index.php?rest_route=\/wp\/v2\/users\/2"}],"replies":[{"embeddable":true,"href":"https:\/\/www.radiolimari.cl\/index.php?rest_route=%2Fwp%2Fv2%2Fcomments&post=4796"}],"version-history":[{"count":1,"href":"https:\/\/www.radiolimari.cl\/index.php?rest_route=\/wp\/v2\/posts\/4796\/revisions"}],"predecessor-version":[{"id":4798,"href":"https:\/\/www.radiolimari.cl\/index.php?rest_route=\/wp\/v2\/posts\/4796\/revisions\/4798"}],"wp:featuredmedia":[{"embeddable":true,"href":"https:\/\/www.radiolimari.cl\/index.php?rest_route=\/wp\/v2\/media\/4797"}],"wp:attachment":[{"href":"https:\/\/www.radiolimari.cl\/index.php?rest_route=%2Fwp%2Fv2%2Fmedia&parent=4796"}],"wp:term":[{"taxonomy":"category","embeddable":true,"href":"https:\/\/www.radiolimari.cl\/index.php?rest_route=%2Fwp%2Fv2%2Fcategories&post=4796"},{"taxonomy":"post_tag","embeddable":true,"href":"https:\/\/www.radiolimari.cl\/index.php?rest_route=%2Fwp%2Fv2%2Ftags&post=4796"}],"curies":[{"name":"wp","href":"https:\/\/api.w.org\/{rel}","templated":true}]}}