{"id":4791,"date":"2021-04-01T18:49:20","date_gmt":"2021-04-01T18:49:20","guid":{"rendered":"http:\/\/www.radiolimari.cl\/?p=4791"},"modified":"2021-04-01T18:49:46","modified_gmt":"2021-04-01T18:49:46","slug":"en-ovalle-segundo-juzgado-de-letras-implementa-totem-para-atencion-de-publico-de-manera-online","status":"publish","type":"post","link":"https:\/\/www.radiolimari.cl\/?p=4791","title":{"rendered":"EN OVALLE SEGUNDO JUZGADO DE LETRAS IMPLEMENTA TOTEM PARA ATENCI\u00d3N DE P\u00daBLICO DE MANERA ONLINE"},"content":{"rendered":"<p><a href=\"https:\/\/www.radiolimari.cl\/wp-content\/uploads\/2021\/04\/1.4-segundo-juzgado-totem.jpeg\"><img fetchpriority=\"high\" decoding=\"async\" class=\"alignnone size-medium wp-image-4792\" src=\"https:\/\/www.radiolimari.cl\/wp-content\/uploads\/2021\/04\/1.4-segundo-juzgado-totem-300x224.jpeg\" alt=\"1.4 segundo juzgado totem\" width=\"300\" height=\"224\" srcset=\"https:\/\/www.radiolimari.cl\/wp-content\/uploads\/2021\/04\/1.4-segundo-juzgado-totem-300x224.jpeg 300w, https:\/\/www.radiolimari.cl\/wp-content\/uploads\/2021\/04\/1.4-segundo-juzgado-totem-1024x766.jpeg 1024w, https:\/\/www.radiolimari.cl\/wp-content\/uploads\/2021\/04\/1.4-segundo-juzgado-totem.jpeg 1160w\" sizes=\"(max-width: 300px) 100vw, 300px\" \/><\/a><\/p>\n<p>La medida se implementa Como una manera de mejorar la accesibilidad a la administraci\u00f3n de justicia para personas que no cuentan con herramientas tecnol\u00f3gicas<!--more--><\/p>\n<p>Como una manera de mejorar la accesibilidad a la administraci\u00f3n de justicia para personas que no cuentan con herramientas tecnol\u00f3gicas, el Segundo Juzgado de Letras de Ovalle implement\u00f3, en el hall de acceso, un t\u00f3tem para la atenci\u00f3n de p\u00fablico de forma virtual.<\/p>\n<p>Por medio de la plataforma de videoconferencia Zoom, los usuarios que asistan presencialmente al tribunal podr\u00e1n conectarse con un funcionario que responder\u00e1 en directo sus consultas.<\/p>\n<p>\u201cCon esta atenci\u00f3n virtual, se abre un nuevo canal de comunicaci\u00f3n y atenci\u00f3n, adem\u00e1s de los ya existentes, con el p\u00fablico en general, facilitando la interrelaci\u00f3n entre usuarios y tribunal, permitiendo adem\u00e1s, que quienes no cuenten con los medios tecnol\u00f3gicos para acceder a la plataforma online desde sus domicilios, puedan hacerlo en forma expedita cuando asistan al tribunal\u201d, manifest\u00f3 la jueza Carolina Prat.<\/p>\n<p>El t\u00f3tem, que fue instalado por la\u00a0 zonal de la Corporaci\u00f3n Administrativa del Poder Judicial, funcionar\u00e1 en los horarios de atenci\u00f3n del juzgado, esto es, de lunes a viernes entre las 8:00 y 14:00 horas.<\/p>\n","protected":false},"excerpt":{"rendered":"<p>La medida se implementa Como una manera de mejorar la accesibilidad a la administraci\u00f3n de justicia para personas que no cuentan con herramientas tecnol\u00f3gicas<\/p>\n","protected":false},"author":2,"featured_media":4792,"comment_status":"open","ping_status":"open","sticky":false,"template":"","format":"standard","meta":{"footnotes":""},"categories":[5],"tags":[],"class_list":["post-4791","post","type-post","status-publish","format-standard","has-post-thumbnail","hentry","category-actualidad-limarina"],"_links":{"self":[{"href":"https:\/\/www.radiolimari.cl\/index.php?rest_route=\/wp\/v2\/posts\/4791","targetHints":{"allow":["GET"]}}],"collection":[{"href":"https:\/\/www.radiolimari.cl\/index.php?rest_route=\/wp\/v2\/posts"}],"about":[{"href":"https:\/\/www.radiolimari.cl\/index.php?rest_route=\/wp\/v2\/types\/post"}],"author":[{"embeddable":true,"href":"https:\/\/www.radiolimari.cl\/index.php?rest_route=\/wp\/v2\/users\/2"}],"replies":[{"embeddable":true,"href":"https:\/\/www.radiolimari.cl\/index.php?rest_route=%2Fwp%2Fv2%2Fcomments&post=4791"}],"version-history":[{"count":2,"href":"https:\/\/www.radiolimari.cl\/index.php?rest_route=\/wp\/v2\/posts\/4791\/revisions"}],"predecessor-version":[{"id":4794,"href":"https:\/\/www.radiolimari.cl\/index.php?rest_route=\/wp\/v2\/posts\/4791\/revisions\/4794"}],"wp:featuredmedia":[{"embeddable":true,"href":"https:\/\/www.radiolimari.cl\/index.php?rest_route=\/wp\/v2\/media\/4792"}],"wp:attachment":[{"href":"https:\/\/www.radiolimari.cl\/index.php?rest_route=%2Fwp%2Fv2%2Fmedia&parent=4791"}],"wp:term":[{"taxonomy":"category","embeddable":true,"href":"https:\/\/www.radiolimari.cl\/index.php?rest_route=%2Fwp%2Fv2%2Fcategories&post=4791"},{"taxonomy":"post_tag","embeddable":true,"href":"https:\/\/www.radiolimari.cl\/index.php?rest_route=%2Fwp%2Fv2%2Ftags&post=4791"}],"curies":[{"name":"wp","href":"https:\/\/api.w.org\/{rel}","templated":true}]}}