{"id":4776,"date":"2021-03-31T00:27:25","date_gmt":"2021-03-31T00:27:25","guid":{"rendered":"http:\/\/www.radiolimari.cl\/?p=4776"},"modified":"2021-03-31T00:27:25","modified_gmt":"2021-03-31T00:27:25","slug":"nuevo-acuerdo-garantizara-disponibilidad-de-vacunas-contra-el-covid_19","status":"publish","type":"post","link":"https:\/\/www.radiolimari.cl\/?p=4776","title":{"rendered":"Nuevo acuerdo garantizar\u00e1 disponibilidad de vacunas contra el Covid_19"},"content":{"rendered":"<p><a href=\"https:\/\/www.radiolimari.cl\/wp-content\/uploads\/2021\/03\/30.3-vacuna.jpeg\"><img fetchpriority=\"high\" decoding=\"async\" class=\"alignnone size-medium wp-image-4777\" src=\"https:\/\/www.radiolimari.cl\/wp-content\/uploads\/2021\/03\/30.3-vacuna-300x168.jpeg\" alt=\"30.3 vacuna\" width=\"300\" height=\"168\" srcset=\"https:\/\/www.radiolimari.cl\/wp-content\/uploads\/2021\/03\/30.3-vacuna-300x168.jpeg 300w, https:\/\/www.radiolimari.cl\/wp-content\/uploads\/2021\/03\/30.3-vacuna-1024x576.jpeg 1024w, https:\/\/www.radiolimari.cl\/wp-content\/uploads\/2021\/03\/30.3-vacuna.jpeg 1280w\" sizes=\"(max-width: 300px) 100vw, 300px\" \/><\/a><\/p>\n<p><em>El Presidente Sebasti\u00e1n Pi\u00f1era anunci\u00f3 que entre mayo y junio llegar\u00e1n 1,8 millones de dosis con aplicaci\u00f3n \u00fanica, que se suman a los 35 millones que ya ha asegurado el Gobierno con otros laboratorios. <\/em><!--more--><\/p>\n<p>Gracias a un nuevo acuerdo con el laboratorio Chino-canadiense CanSino, nuestro pa\u00eds asegura la disponibilidad de vacunas para la campa\u00f1a de vacunaci\u00f3n contra el Covid_19.<\/p>\n<p>El convenio fue presentado por el Presidente Sebasti\u00e1n Pi\u00f1era y permitir\u00e1 la llegada al pa\u00eds de 1,8 millones de vacunas adicionales contra el Covid-19, arribo que se concretar\u00eda durante el segundo trimestre de este a\u00f1o.<\/p>\n<p>\u201cEl acuerdo que hoy suscribi\u00f3 nuestro pa\u00eds con CanSino nos permitir\u00e1 garantizar las dosis de vacunas contra el coronavirus y seguir vacunando a nuestra poblaci\u00f3n. Y lo hemos dicho siempre, todos tendr\u00e1n la oportunidad de vacunarse, pero que eso no signifique que debamos relajar nuestros h\u00e1bitos de autocuidado. Es algo que nos debe llenar de orgullo porque nos reafirma lo bien que se ha desarrollado esta campa\u00f1a, incluso con reconocimiento mundial\u201d se\u00f1al\u00f3 el Intendente Regional, Pablo Herman.<\/p>\n<p>La vacuna, que ya ha sido autorizada en China, M\u00e9xico, Pakist\u00e1n y Hungr\u00eda, requiere de una sola dosis y una refrigeraci\u00f3n de entre 2\u00b0 y 8\u00b0C por hasta tres meses, lo que facilita el proceso de distribuci\u00f3n. Adem\u00e1s, de acuerdo con los primeros resultados aplicados, logr\u00f3 una efectividad de 65,7% de los casos sintom\u00e1ticos y de 90,98% para los casos graves.<\/p>\n<p>En tanto, el\u00a0 Seremi de Salud, Alejandro Garc\u00eda, destac\u00f3 que la vacuna s\u00f3lo requiere una dosis \u201caumentar\u00e1 la cantidad de vacunas disponibles y de laboratorios con convenios con Chile. Es importante destacar que diferencia de las otras dos que se est\u00e1n administrando en Chile, esta funciona con 1 solo dosis, por lo tanto, es m\u00e1s sencilla su administraci\u00f3n\u201d, se\u00f1al\u00f3 la autoridad sanitaria.<\/p>\n<p>La vacuna es una de las cuatro con ensayos cl\u00ednicos en Fase III contra el Covid-19 que se desarrollan en Chile. Las pruebas son lideradas por investigadores de la Universidad de la Frontera, en conjunto con la Universidad Austral de Valdivia y Osorno, la Universidad San Sebasti\u00e1n de Los Lagos y otros equipos cl\u00ednicos y acad\u00e9micos.<\/p>\n","protected":false},"excerpt":{"rendered":"<p>El Presidente Sebasti\u00e1n Pi\u00f1era anunci\u00f3 que entre mayo y junio llegar\u00e1n 1,8 millones de dosis con aplicaci\u00f3n \u00fanica, que se suman a los 35 millones que ya ha asegurado el Gobierno con otros laboratorios.<\/p>\n","protected":false},"author":2,"featured_media":4777,"comment_status":"open","ping_status":"open","sticky":false,"template":"","format":"standard","meta":{"footnotes":""},"categories":[3],"tags":[],"class_list":["post-4776","post","type-post","status-publish","format-standard","has-post-thumbnail","hentry","category-actualidad"],"_links":{"self":[{"href":"https:\/\/www.radiolimari.cl\/index.php?rest_route=\/wp\/v2\/posts\/4776","targetHints":{"allow":["GET"]}}],"collection":[{"href":"https:\/\/www.radiolimari.cl\/index.php?rest_route=\/wp\/v2\/posts"}],"about":[{"href":"https:\/\/www.radiolimari.cl\/index.php?rest_route=\/wp\/v2\/types\/post"}],"author":[{"embeddable":true,"href":"https:\/\/www.radiolimari.cl\/index.php?rest_route=\/wp\/v2\/users\/2"}],"replies":[{"embeddable":true,"href":"https:\/\/www.radiolimari.cl\/index.php?rest_route=%2Fwp%2Fv2%2Fcomments&post=4776"}],"version-history":[{"count":1,"href":"https:\/\/www.radiolimari.cl\/index.php?rest_route=\/wp\/v2\/posts\/4776\/revisions"}],"predecessor-version":[{"id":4778,"href":"https:\/\/www.radiolimari.cl\/index.php?rest_route=\/wp\/v2\/posts\/4776\/revisions\/4778"}],"wp:featuredmedia":[{"embeddable":true,"href":"https:\/\/www.radiolimari.cl\/index.php?rest_route=\/wp\/v2\/media\/4777"}],"wp:attachment":[{"href":"https:\/\/www.radiolimari.cl\/index.php?rest_route=%2Fwp%2Fv2%2Fmedia&parent=4776"}],"wp:term":[{"taxonomy":"category","embeddable":true,"href":"https:\/\/www.radiolimari.cl\/index.php?rest_route=%2Fwp%2Fv2%2Fcategories&post=4776"},{"taxonomy":"post_tag","embeddable":true,"href":"https:\/\/www.radiolimari.cl\/index.php?rest_route=%2Fwp%2Fv2%2Ftags&post=4776"}],"curies":[{"name":"wp","href":"https:\/\/api.w.org\/{rel}","templated":true}]}}