{"id":4764,"date":"2021-03-29T16:03:14","date_gmt":"2021-03-29T16:03:14","guid":{"rendered":"http:\/\/www.radiolimari.cl\/?p=4764"},"modified":"2021-03-29T16:03:14","modified_gmt":"2021-03-29T16:03:14","slug":"cerrado-parque-nacional-bosque-fray-jorge-por-cuarentena-en-ovalle","status":"publish","type":"post","link":"https:\/\/www.radiolimari.cl\/?p=4764","title":{"rendered":"CERRADO PARQUE NACIONAL BOSQUE FRAY JORGE POR CUARENTENA EN OVALLE"},"content":{"rendered":"<p><a href=\"https:\/\/www.radiolimari.cl\/wp-content\/uploads\/2021\/03\/29.3-Fray_jorge_endemico.jpg\"><img fetchpriority=\"high\" decoding=\"async\" class=\"alignnone size-medium wp-image-4765\" src=\"https:\/\/www.radiolimari.cl\/wp-content\/uploads\/2021\/03\/29.3-Fray_jorge_endemico-300x168.jpg\" alt=\"29.3 Fray_jorge_endemico\" width=\"300\" height=\"168\" srcset=\"https:\/\/www.radiolimari.cl\/wp-content\/uploads\/2021\/03\/29.3-Fray_jorge_endemico-300x168.jpg 300w, https:\/\/www.radiolimari.cl\/wp-content\/uploads\/2021\/03\/29.3-Fray_jorge_endemico.jpg 899w\" sizes=\"(max-width: 300px) 100vw, 300px\" \/><\/a><\/p>\n<p>Las \u00e1reas protegidas, tales como la Reserva Nacional Ping\u00fcino de Humboldt y el Monumento Natural de Pichasca de R\u00edo Hurtado, contin\u00faan abiertas en los horarios indicados en la p\u00e1gina web de CONAF, cabe se\u00f1alar que en esas unidades se han tomado las medidas para realizar una visita segura en condiciones sanitarias\u201d.<br \/>\n<!--more--><\/p>\n<p>Como ha sido la t\u00f3nica desde el a\u00f1o 2020, debido a la pandemia que nos afecta por el Covid-19, en varias ocasiones las \u00c1reas Silvestres Protegidas y Reservas Nacionales han sufrido los embates a causa de la cuarentena, en esta ocasi\u00f3n el lugar afectado es el Parque Nacional Bosque Fray Jorge, ubicado en la comuna de Ovalle en la Regi\u00f3n de Coquimbo.<\/p>\n<p>Eduardo Rodr\u00edguez, Director Regional de la Corporaci\u00f3n Nacional Forestal (CONAF), instituci\u00f3n a cargo del cuidado, preservaci\u00f3n y administraci\u00f3n de esta \u00e1rea silvestre, se\u00f1al\u00f3 \u201ccerraremos nuestras puertas debido a la cuarentena que afecta a la comuna de Ovalle, esta situaci\u00f3n seguir\u00e1 as\u00ed hasta que se levante esta medida y podamos anunciar la reapertura\u201d.<\/p>\n<p>Al respecto sobre las otras \u00c1reas Silvestres Protegidas y Reservas Nacionales que se encuentran en nuestro territorio regional, Rodr\u00edguez indic\u00f3 \u201cnuestras otras \u00e1reas protegidas, tales como la Reserva Nacional Ping\u00fcino de Humboldt y el Monumento Natural de Pichasca, contin\u00faan abiertas en los horarios indicados en la p\u00e1gina web de CONAF, cabe se\u00f1alar que en esas unidades se han tomado las medidas para realizar una visita segura en condiciones sanitarias\u201d.<\/p>\n<p>Los horarios de los atractivos mencionados anteriormente son: de martes a viernes en el caso de la Reserva Nacional Ping\u00fcino de Humbolt, lugar que no requiere previa inscripci\u00f3n, ya que la compra de boletos es presencial y por orden de llegada, mientras que el Monumento Natural de Pichasca, s\u00ed requiere reservaci\u00f3n desde el d\u00eda viernes anterior a la semana de la visita, las que pueden programarse de martes a jueves en <a href=\"http:\/\/www.welcu.com\/conafcoquimbo\">http:\/\/www.welcu.com\/conafcoquimbo<\/a><\/p>\n","protected":false},"excerpt":{"rendered":"<p>Las \u00e1reas protegidas, tales como la Reserva Nacional Ping\u00fcino de Humboldt y el Monumento Natural de Pichasca de R\u00edo Hurtado, contin\u00faan abiertas en los horarios indicados en la p\u00e1gina web de CONAF, cabe se\u00f1alar que en esas unidades se han tomado las medidas para realizar una visita segura en condiciones sanitarias\u201d.<\/p>\n","protected":false},"author":2,"featured_media":4765,"comment_status":"open","ping_status":"open","sticky":false,"template":"","format":"standard","meta":{"footnotes":""},"categories":[5],"tags":[],"class_list":["post-4764","post","type-post","status-publish","format-standard","has-post-thumbnail","hentry","category-actualidad-limarina"],"_links":{"self":[{"href":"https:\/\/www.radiolimari.cl\/index.php?rest_route=\/wp\/v2\/posts\/4764","targetHints":{"allow":["GET"]}}],"collection":[{"href":"https:\/\/www.radiolimari.cl\/index.php?rest_route=\/wp\/v2\/posts"}],"about":[{"href":"https:\/\/www.radiolimari.cl\/index.php?rest_route=\/wp\/v2\/types\/post"}],"author":[{"embeddable":true,"href":"https:\/\/www.radiolimari.cl\/index.php?rest_route=\/wp\/v2\/users\/2"}],"replies":[{"embeddable":true,"href":"https:\/\/www.radiolimari.cl\/index.php?rest_route=%2Fwp%2Fv2%2Fcomments&post=4764"}],"version-history":[{"count":1,"href":"https:\/\/www.radiolimari.cl\/index.php?rest_route=\/wp\/v2\/posts\/4764\/revisions"}],"predecessor-version":[{"id":4766,"href":"https:\/\/www.radiolimari.cl\/index.php?rest_route=\/wp\/v2\/posts\/4764\/revisions\/4766"}],"wp:featuredmedia":[{"embeddable":true,"href":"https:\/\/www.radiolimari.cl\/index.php?rest_route=\/wp\/v2\/media\/4765"}],"wp:attachment":[{"href":"https:\/\/www.radiolimari.cl\/index.php?rest_route=%2Fwp%2Fv2%2Fmedia&parent=4764"}],"wp:term":[{"taxonomy":"category","embeddable":true,"href":"https:\/\/www.radiolimari.cl\/index.php?rest_route=%2Fwp%2Fv2%2Fcategories&post=4764"},{"taxonomy":"post_tag","embeddable":true,"href":"https:\/\/www.radiolimari.cl\/index.php?rest_route=%2Fwp%2Fv2%2Ftags&post=4764"}],"curies":[{"name":"wp","href":"https:\/\/api.w.org\/{rel}","templated":true}]}}