{"id":4761,"date":"2021-03-29T15:47:21","date_gmt":"2021-03-29T15:47:21","guid":{"rendered":"http:\/\/www.radiolimari.cl\/?p=4761"},"modified":"2021-03-29T15:47:21","modified_gmt":"2021-03-29T15:47:21","slug":"mas-de-92-mil-hogares-de-la-region-de-coquimbo-recibiran-ife-y-bono-covid-de-marzo","status":"publish","type":"post","link":"https:\/\/www.radiolimari.cl\/?p=4761","title":{"rendered":"M\u00e1s de 92 mil hogares de la Regi\u00f3n de Coquimbo recibir\u00e1n IFE y Bono Covid de marzo"},"content":{"rendered":"<p><a href=\"https:\/\/www.radiolimari.cl\/wp-content\/uploads\/2021\/03\/29.3-PAGO-MARZO-IFE-Y-BONO-COVID.jpg\"><img fetchpriority=\"high\" decoding=\"async\" class=\"alignnone size-medium wp-image-4762\" src=\"https:\/\/www.radiolimari.cl\/wp-content\/uploads\/2021\/03\/29.3-PAGO-MARZO-IFE-Y-BONO-COVID-300x190.jpg\" alt=\"29.3 PAGO MARZO IFE Y BONO COVID\" width=\"300\" height=\"190\" srcset=\"https:\/\/www.radiolimari.cl\/wp-content\/uploads\/2021\/03\/29.3-PAGO-MARZO-IFE-Y-BONO-COVID-300x190.jpg 300w, https:\/\/www.radiolimari.cl\/wp-content\/uploads\/2021\/03\/29.3-PAGO-MARZO-IFE-Y-BONO-COVID.jpg 749w\" sizes=\"(max-width: 300px) 100vw, 300px\" \/><\/a><\/p>\n<p><strong>Comenz\u00f3 el pago de marzo v\u00eda transferencia electr\u00f3nica. En www.ingresodeemergencia.cl se puede revisar la fecha para cobrar el aporte.<\/strong><!--more--><\/p>\n<p>El Ingreso Familiar de Emergencia (IFE) y Bono Covid son una ayuda del Gobierno para las familias que se han visto afectadas por los efectos econ\u00f3micos de la crisis sanitaria. Apoyo que ya inici\u00f3 su proceso de pago, correspondiente al mes de marzo<\/p>\n<p>Mediante transferencia electr\u00f3nica a cuenta bancaria comenz\u00f3 a concretarse la ayuda, que en la Regi\u00f3n de Coquimbo beneficiar\u00e1 a 92.387 hogares.<\/p>\n<p>Al respecto, el Intendente Pablo Herman, sostuvo que \u201cmuchas familias han vivido momentos dif\u00edciles por esta pandemia, sobre todo en sus ingresos. Y por lo mismo es que el Presidente Pi\u00f1era decidi\u00f3 extender el pago del Ingreso Familiar de Emergencia y el Bono Covid, para continuar entregando ayuda econ\u00f3mica a quienes m\u00e1s lo necesitan. Esto es parte de nuestra Red de Protecci\u00f3n Social que, adem\u00e1s, hemos fortalecido, porque nuestro compromiso como Gobierno, y tal como ha mandatado el Presidente Sebasti\u00e1n Pi\u00f1era, vamos a disponer de todo lo que est\u00e9 a nuestro alcance para proteger a las familias m\u00e1s vulnerables, la clase media, sus empleos e ingresos. y por lo mismo es que seguiremos entregando nuevos y mejores mecanismos de apoyo\u201d.<\/p>\n<p>Por su parte, el Seremi de Desarrollo Social y Familia, Marcelo Telias, indic\u00f3 que \u201ccomo Gobierno seguimos trabajando para acercar los beneficios a las familias que est\u00e1n pasando por momentos dif\u00edciles, porque sabemos que es una ayuda necesaria para el presupuesto familiar ante la pandemia. Ya comenz\u00f3 el pago del IFE y Bono Covid de marzo v\u00eda transferencias a cuentas bancarias este viernes 26, mientras el pr\u00f3ximo lunes 29 y el martes 30 de este mes, estar\u00e1n disponibles los pagos en Banco Estado y Caja Los H\u00e9roes\u201d.<\/p>\n<p>Cabe destacar, que del total de hogares beneficiados en la Regi\u00f3n de Coquimbo, 71.587 corresponden al IFE Covid de $40 mil por integrante del hogar y 20.800 reciben el Bono Covid de $25 mil por persona.<\/p>\n<p><strong>\u00a0<\/strong><\/p>\n<p><strong>EXTENSI\u00d3N DEL IFE Y BONO COVID<\/strong><\/p>\n<p>Esta semana, el Presidente Sebasti\u00e1n Pi\u00f1era, anunci\u00f3 la extensi\u00f3n del IFE Covid y Bono Covid hasta el mes de junio de este a\u00f1o con un fortalecimiento del beneficio: a partir del aporte de abril, para aquellos hogares que hayan estado en cuarentena 14 d\u00edas o m\u00e1s y que califiquen para el IFE Covid, recibir\u00e1n $100 mil por integrante, mientras que en el caso de las familias que vivan en comunas que hayan estado un d\u00eda o m\u00e1s en cuarentena y que cumplan con los requisitos, el monto del IFE Covid alcanzar\u00e1 los $60 mil por persona del hogar.<\/p>\n<p>En este sentido, el Seremi de Gobierno, Ignacio Pinto, detall\u00f3 que \u201cel Intendente Pablo Herman, nos pidi\u00f3 desplegarnos y trabajar directamente con los dirigentes sociales para que las ayudas puedan llegar a las personas. Por eso, desde la Seremi de Gobierno, estamos en contacto directo, a trav\u00e9s de capacitaciones, con los l\u00edderes vecinales y comunitarios para informarlos sobre el alcance y los avances de la red de protecci\u00f3n social, c\u00f3mo acceder a estos beneficios, para que as\u00ed estos aportes puedan llegar a las familias que m\u00e1s lo necesitan oportunamente\u201d, detall\u00f3 el Vocero Regional.<\/p>\n<p>En tanto, para los hogares de comunas en Transici\u00f3n y que cumplan con los requisitos, el aporte continuar\u00e1 siendo de $40 mil por integrante, y las familias en Preparaci\u00f3n o Apertura Inicial que cumplan con los requisitos recibir\u00e1n, al igual que en los meses anteriores, $25 mil por integrante.<\/p>\n<p>Adem\u00e1s, el acceso al beneficio se simplifica a partir del aporte de abril, porque todos los hogares que hayan recibido el sexto aporte del IFE 2020 y vivan en comunas que hayan estado en cuarentena o en transici\u00f3n, recibir\u00e1n los pr\u00f3ximos aportes del IFE Covid de manera autom\u00e1tica, sin la necesidad de realizar ning\u00fan proceso de solicitud.<\/p>\n<p>Cabe destacar, que en la p\u00e1gina web www.ingresodeemergencia.cl puedes postular al beneficio o revisar fechas de pago.<\/p>\n","protected":false},"excerpt":{"rendered":"<p>Comenz\u00f3 el pago de marzo v\u00eda transferencia electr\u00f3nica. En www.ingresodeemergencia.cl se puede revisar la fecha para cobrar el aporte.<\/p>\n","protected":false},"author":2,"featured_media":4762,"comment_status":"open","ping_status":"open","sticky":false,"template":"","format":"standard","meta":{"footnotes":""},"categories":[6],"tags":[],"class_list":["post-4761","post","type-post","status-publish","format-standard","has-post-thumbnail","hentry","category-regionales"],"_links":{"self":[{"href":"https:\/\/www.radiolimari.cl\/index.php?rest_route=\/wp\/v2\/posts\/4761","targetHints":{"allow":["GET"]}}],"collection":[{"href":"https:\/\/www.radiolimari.cl\/index.php?rest_route=\/wp\/v2\/posts"}],"about":[{"href":"https:\/\/www.radiolimari.cl\/index.php?rest_route=\/wp\/v2\/types\/post"}],"author":[{"embeddable":true,"href":"https:\/\/www.radiolimari.cl\/index.php?rest_route=\/wp\/v2\/users\/2"}],"replies":[{"embeddable":true,"href":"https:\/\/www.radiolimari.cl\/index.php?rest_route=%2Fwp%2Fv2%2Fcomments&post=4761"}],"version-history":[{"count":1,"href":"https:\/\/www.radiolimari.cl\/index.php?rest_route=\/wp\/v2\/posts\/4761\/revisions"}],"predecessor-version":[{"id":4763,"href":"https:\/\/www.radiolimari.cl\/index.php?rest_route=\/wp\/v2\/posts\/4761\/revisions\/4763"}],"wp:featuredmedia":[{"embeddable":true,"href":"https:\/\/www.radiolimari.cl\/index.php?rest_route=\/wp\/v2\/media\/4762"}],"wp:attachment":[{"href":"https:\/\/www.radiolimari.cl\/index.php?rest_route=%2Fwp%2Fv2%2Fmedia&parent=4761"}],"wp:term":[{"taxonomy":"category","embeddable":true,"href":"https:\/\/www.radiolimari.cl\/index.php?rest_route=%2Fwp%2Fv2%2Fcategories&post=4761"},{"taxonomy":"post_tag","embeddable":true,"href":"https:\/\/www.radiolimari.cl\/index.php?rest_route=%2Fwp%2Fv2%2Ftags&post=4761"}],"curies":[{"name":"wp","href":"https:\/\/api.w.org\/{rel}","templated":true}]}}