{"id":4758,"date":"2021-03-26T16:30:53","date_gmt":"2021-03-26T16:30:53","guid":{"rendered":"http:\/\/www.radiolimari.cl\/?p=4758"},"modified":"2021-03-26T16:30:53","modified_gmt":"2021-03-26T16:30:53","slug":"conoce-la-programacion-del-festival-arc-2021-para-este-fin-de-semana","status":"publish","type":"post","link":"https:\/\/www.radiolimari.cl\/?p=4758","title":{"rendered":"Conoce la programaci\u00f3n del Festival ARC 2021 para este fin de semana"},"content":{"rendered":"<p><a href=\"https:\/\/www.radiolimari.cl\/wp-content\/uploads\/2021\/03\/26.3-festival-arc.jpg\"><img fetchpriority=\"high\" decoding=\"async\" class=\"alignnone size-medium wp-image-4759\" src=\"https:\/\/www.radiolimari.cl\/wp-content\/uploads\/2021\/03\/26.3-festival-arc-300x200.jpg\" alt=\"26.3 festival arc\" width=\"300\" height=\"200\" srcset=\"https:\/\/www.radiolimari.cl\/wp-content\/uploads\/2021\/03\/26.3-festival-arc-300x200.jpg 300w, https:\/\/www.radiolimari.cl\/wp-content\/uploads\/2021\/03\/26.3-festival-arc-1024x682.jpg 1024w\" sizes=\"(max-width: 300px) 100vw, 300px\" \/><\/a><\/p>\n<p><b style=\"color: #222222;\">Este a\u00f1o se conmemora la X versi\u00f3n del tradicional evento art\u00edstico con una parrilla completa de creadores regionales. El viernes la inauguraci\u00f3n estar\u00e1 marcada por un homenaje al fallecido m\u00fasico Cristian Cuturrufo.<\/b><!--more--><\/p>\n<p style=\"font-weight: 400;\">Este viernes 26, s\u00e1bado 27\u00a0 y\u00a0 domingo 28 de marzo se llevar\u00e1 a cabo la d\u00e9cima versi\u00f3n del Festival de las Artes Regi\u00f3n de Coquimbo (Festival ARC), que organiza la Seremi de las Culturas, las Artes y el Patrimonio. El evento, que contar\u00e1 netamente con la presencia de artistas regionales, ser\u00e1 transmitido por\u00a0<a href=\"http:\/\/www.festivalarc.cl\/\" data-saferedirecturl=\"https:\/\/www.google.com\/url?q=http:\/\/www.festivalarc.cl&amp;source=gmail&amp;ust=1616862232853000&amp;usg=AFQjCNHISyiIBLimZMf5YbZkATU3Fws6CA\">www.festivalarc.cl<\/a>, Youtube y canales de televisi\u00f3n regional (Astro TV, Thema Televisi\u00f3n, Se\u00f1al 6 de Andacollo y Canal 8 de Illapel).<\/p>\n<p style=\"font-weight: 400;\"><strong>\u00a0<\/strong><\/p>\n<p style=\"font-weight: 400;\"><strong>PROGRAMACI\u00d3N ARC 2021<\/strong><\/p>\n<p style=\"font-weight: 400;\"><strong>Viernes 26 de marzo<\/strong><\/p>\n<p style=\"font-weight: 400;\">19:30 hrs. &#8211;\u00a0<strong>Inauguraci\u00f3n\u00a0<\/strong>(homenaje a Cristian Cuturrufo, Oriana Mondana y Gabriel Bujes)<\/p>\n<p style=\"font-weight: 400;\">21:00 hrs.-\u00a0<strong>\u201cAlbricias: Que la poes\u00eda fluya\u201d\u00a0<\/strong>(cortometraje documental sobre la vida de la escritora Oriana Mondaca)<\/p>\n<p style=\"font-weight: 400;\">21:30 hrs. &#8211;\u00a0<strong>Estudio ARC Cap\u00edtulo I<\/strong>\u00a0(m\u00fasica regional)<\/p>\n<p style=\"font-weight: 400;\">22:30 hrs. &#8211;\u00a0<strong>La Marilym\u00a0<\/strong>(compa\u00f1\u00eda TeatroPuerto)<\/p>\n<p style=\"font-weight: 400;\">23:30 hrs. &#8211;\u00a0<strong>Cortos Esc\u00e9nicos\u00a0<\/strong>(cortometrajes de danza regional)<\/p>\n<p style=\"font-weight: 400;\">\n<p style=\"font-weight: 400;\"><strong>\u00a0<\/strong><\/p>\n<p style=\"font-weight: 400;\"><strong>S\u00e1bado 27 de marzo<\/strong><\/p>\n<p style=\"font-weight: 400;\">09:00 hrs. &#8211;\u00a0<strong>Bajo un Cobijo de Colores\u00a0<\/strong>(teatro infantil)<\/p>\n<p style=\"font-weight: 400;\">09:30 hrs. &#8211;\u00a0<strong>\u00bfD\u00f3nde est\u00e1 Romeo?<\/strong>\u00a0(teatro infantil)<\/p>\n<p style=\"font-weight: 400;\">10:00 hrs.-\u00a0<strong>Perro Callejero\u00a0<\/strong>(teatro infantil)<\/p>\n<p style=\"font-weight: 400;\">11:00 hrs. &#8211;\u00a0<strong>Frijolitos Cap\u00edtulo I\u00a0<\/strong>(taller de ilustraci\u00f3n para ni\u00f1os, ni\u00f1as y j\u00f3venes)<\/p>\n<p style=\"font-weight: 400;\">12:00 hrs. &#8211;\u00a0<strong>Desde el Taller\u00a0<\/strong>(documental sobre artesan\u00eda local)<\/p>\n<p style=\"font-weight: 400;\">13:00 hrs. &#8211;\u00a0<strong>Antolog\u00eda de relatos del Valle de Elqui\u00a0<\/strong>(conversatorio literario)<\/p>\n<p style=\"font-weight: 400;\">14:00 hrs. &#8211;\u00a0<strong>\u00a0Identidad Regional Cap\u00edtulo I\u00a0<\/strong>(cortometrajes sobre tradiciones regionales)<\/p>\n<p style=\"font-weight: 400;\">15:00 hrs.\u00a0 &#8211;\u00a0<strong>Sesiones ARC Limar\u00ed\u00a0<\/strong>(M\u00fasica desde el Valle del Encanto, Ovalle).<\/p>\n<p style=\"font-weight: 400;\">16:00 hrs. &#8211;\u00a0<strong>Edici\u00f3n Literaria Feminista: Herramienta Pol\u00edtica del Territorio\u00a0<\/strong>(conversatorio literario)<\/p>\n<p style=\"font-weight: 400;\">17:00 hrs. &#8211;\u00a0<strong>\u00a0Pulsados\u00a0<\/strong>(danza)<\/p>\n<p style=\"font-weight: 400;\">18:00 hrs. &#8211;\u00a0<strong>Focco21 Cap\u00edtulo I (<\/strong>especial de fotograf\u00eda \u2013 Mauricio Toro Goya)<\/p>\n<p style=\"font-weight: 400;\">19:00 hrs. &#8211;\u00a0<strong>Estudio ARC Cap\u00edtulo II\u00a0<\/strong>(m\u00fasica regional)<\/p>\n<p style=\"font-weight: 400;\">20:00 hrs. &#8211;\u00a0<strong>Mujeres en el Territorio: Mirada Femenina en el Arte Contempor\u00e1neo Cap\u00edtulo I<\/strong>\u00a0(conversatorio sobre artes visuales)<\/p>\n<p style=\"font-weight: 400;\">21:00 hrs. \u00a0\u2013\u00a0<strong>Na-cimiento\u00a0<\/strong>(obra de teatro)<\/p>\n<p style=\"font-weight: 400;\">21:30 hrs. &#8211;\u00a0<strong>\u00bfQu\u00e9 pasa si no existe?\u00a0<\/strong>(documental sobre la salud mental en Chile)<\/p>\n<p style=\"font-weight: 400;\">22:00 hrs. \u2013\u00a0<strong>Cirkubrick\u00a0<\/strong>(Obra circense \u2013 compa\u00f1\u00eda La Cuarta Estaci\u00f3n)<\/p>\n<p style=\"font-weight: 400;\">23:00 hrs. \u2013\u00a0<strong>Cortos ARC\u00a0<\/strong>(cortometrajes de ficci\u00f3n)<\/p>\n<p style=\"font-weight: 400;\"><strong>\u00a0<\/strong><\/p>\n<p style=\"font-weight: 400;\"><strong>\u00a0<\/strong><\/p>\n<p style=\"font-weight: 400;\"><strong>Domingo 28 de marzo<\/strong><\/p>\n<p style=\"font-weight: 400;\">09:00 hrs. &#8211;\u00a0<strong>Jugando en las Estrellas\u00a0<\/strong>(teatro infantil)<\/p>\n<p style=\"font-weight: 400;\">09:30 hrs. \u2013\u00a0<strong>Cuart\u00edteres\u00a0<\/strong>(teatro de t\u00edteres)<\/p>\n<p style=\"font-weight: 400;\">10:30 hrs.-\u00a0<strong>S\u00faper 3R\u00a0<\/strong>(teatro infantil)<\/p>\n<p style=\"font-weight: 400;\">11:30 hrs. &#8211;\u00a0<strong>Frijolitos Cap\u00edtulo II\u00a0<\/strong>(taller de ilustraci\u00f3n)<\/p>\n<p style=\"font-weight: 400;\">12:30 hrs. &#8211;\u00a0<strong>Espacio OCC\u00a0<\/strong>(documental sobre el trabajo de las Organizaciones Culturales Comunitarias de la regi\u00f3n)<\/p>\n<p style=\"font-weight: 400;\">13:30 hrs. &#8211;\u00a0<strong>Mundo de Papel: \u201cFlores\u201d<\/strong>\u00a0(taller de artes visuales)<\/p>\n<p style=\"font-weight: 400;\">14:30 hrs. &#8211;\u00a0<strong>\u00a0Identidad Regional Cap\u00edtulo II\u00a0<\/strong>(cortometrajes sobre tradiciones regionales)<\/p>\n<p style=\"font-weight: 400;\">15:00 hrs. &#8211;\u00a0<strong>Sesiones ARC Choapa\u00a0<\/strong>(m\u00fasica desde la Provincia de Choapa)<\/p>\n<p style=\"font-weight: 400;\">16:00 hrs. &#8211;\u00a0<strong>\u00a0Gabriela Mistral en Clave Constituyente<\/strong>\u00a0(conversatorio literario)<\/p>\n<p style=\"font-weight: 400;\">17:00 hrs. &#8211;\u00a0<strong>\u00a0Crescendo\u00a0<\/strong>(estreno documental sobre la Academia de M\u00fasica Pedro Aguirre Cerda)<\/p>\n<p style=\"font-weight: 400;\">18:00 hrs. &#8211;\u00a0<strong>Focco21 Cap\u00edtulo II\u00a0<\/strong>(especial de fotograf\u00eda \u2013 Mauricio Toro Goya)<\/p>\n<p style=\"font-weight: 400;\">19:00 hrs. &#8211;\u00a0<strong>Natch Comedy\u00a0<\/strong>(artes esc\u00e9nicas, humor y clown)<\/p>\n<p style=\"font-weight: 400;\">20:00 hrs. &#8211;\u00a0<strong>Mujeres en el Territorio: Mirada Femenina en el Arte Contempor\u00e1neo Cap\u00edtulo II<\/strong>: (conversatorio sobre artes visuales)<\/p>\n<p style=\"font-weight: 400;\">21:00 hrs. &#8211;\u00a0\u00a0<strong>T\u00fa no eres, hermana, un conejo corriendo desesperado por el campo chileno\u00a0<\/strong>(<strong>o<\/strong>bra de teatro)<\/p>\n<p style=\"font-weight: 400;\">22:00 hrs. &#8211;\u00a0<strong>Estudio ARC Cap\u00edtulo III\u00a0<\/strong>(m\u00fasica en vivo con Cafuzo y la Charanga)<\/p>\n","protected":false},"excerpt":{"rendered":"<p>Este a\u00f1o se conmemora la X versi\u00f3n del tradicional evento art\u00edstico con una parrilla completa de creadores regionales. El viernes la inauguraci\u00f3n estar\u00e1 marcada por un homenaje al fallecido m\u00fasico Cristian Cuturrufo.<\/p>\n","protected":false},"author":2,"featured_media":4759,"comment_status":"open","ping_status":"open","sticky":false,"template":"","format":"standard","meta":{"footnotes":""},"categories":[3],"tags":[],"class_list":["post-4758","post","type-post","status-publish","format-standard","has-post-thumbnail","hentry","category-actualidad"],"_links":{"self":[{"href":"https:\/\/www.radiolimari.cl\/index.php?rest_route=\/wp\/v2\/posts\/4758","targetHints":{"allow":["GET"]}}],"collection":[{"href":"https:\/\/www.radiolimari.cl\/index.php?rest_route=\/wp\/v2\/posts"}],"about":[{"href":"https:\/\/www.radiolimari.cl\/index.php?rest_route=\/wp\/v2\/types\/post"}],"author":[{"embeddable":true,"href":"https:\/\/www.radiolimari.cl\/index.php?rest_route=\/wp\/v2\/users\/2"}],"replies":[{"embeddable":true,"href":"https:\/\/www.radiolimari.cl\/index.php?rest_route=%2Fwp%2Fv2%2Fcomments&post=4758"}],"version-history":[{"count":1,"href":"https:\/\/www.radiolimari.cl\/index.php?rest_route=\/wp\/v2\/posts\/4758\/revisions"}],"predecessor-version":[{"id":4760,"href":"https:\/\/www.radiolimari.cl\/index.php?rest_route=\/wp\/v2\/posts\/4758\/revisions\/4760"}],"wp:featuredmedia":[{"embeddable":true,"href":"https:\/\/www.radiolimari.cl\/index.php?rest_route=\/wp\/v2\/media\/4759"}],"wp:attachment":[{"href":"https:\/\/www.radiolimari.cl\/index.php?rest_route=%2Fwp%2Fv2%2Fmedia&parent=4758"}],"wp:term":[{"taxonomy":"category","embeddable":true,"href":"https:\/\/www.radiolimari.cl\/index.php?rest_route=%2Fwp%2Fv2%2Fcategories&post=4758"},{"taxonomy":"post_tag","embeddable":true,"href":"https:\/\/www.radiolimari.cl\/index.php?rest_route=%2Fwp%2Fv2%2Ftags&post=4758"}],"curies":[{"name":"wp","href":"https:\/\/api.w.org\/{rel}","templated":true}]}}