{"id":4755,"date":"2021-03-26T16:00:08","date_gmt":"2021-03-26T16:00:08","guid":{"rendered":"http:\/\/www.radiolimari.cl\/?p=4755"},"modified":"2021-03-26T16:00:08","modified_gmt":"2021-03-26T16:00:08","slug":"gobernacion-de-limari-implementa-medidas-de-prevencion-en-la-atencion-a-publico-ante-covid-19","status":"publish","type":"post","link":"https:\/\/www.radiolimari.cl\/?p=4755","title":{"rendered":"Gobernaci\u00f3n de Limar\u00ed implementa medidas de prevenci\u00f3n en la atenci\u00f3n a p\u00fablico ante COVID-19"},"content":{"rendered":"<p><a href=\"https:\/\/www.radiolimari.cl\/wp-content\/uploads\/2021\/03\/26.3-GOBERNACION-CUARENTENA.jpeg\"><img fetchpriority=\"high\" decoding=\"async\" class=\"alignnone size-medium wp-image-4756\" src=\"https:\/\/www.radiolimari.cl\/wp-content\/uploads\/2021\/03\/26.3-GOBERNACION-CUARENTENA-300x224.jpeg\" alt=\"26.3 GOBERNACION CUARENTENA\" width=\"300\" height=\"224\" srcset=\"https:\/\/www.radiolimari.cl\/wp-content\/uploads\/2021\/03\/26.3-GOBERNACION-CUARENTENA-300x224.jpeg 300w, https:\/\/www.radiolimari.cl\/wp-content\/uploads\/2021\/03\/26.3-GOBERNACION-CUARENTENA-1024x766.jpeg 1024w, https:\/\/www.radiolimari.cl\/wp-content\/uploads\/2021\/03\/26.3-GOBERNACION-CUARENTENA.jpeg 1280w\" sizes=\"(max-width: 300px) 100vw, 300px\" \/><\/a><\/p>\n<p>La Gobernaci\u00f3n de Limar\u00ed informa modificaci\u00f3n en el sistema de atenci\u00f3n a p\u00fablico, con motivo de la cuarentena anunciada para la comuna de Ovalle a contar del s\u00e1bado 27 de marzo. <!--more--><\/p>\n<p>De acuerdo a los protocolos sanitarios correspondientes del Plan Paso a Paso, las atenciones y consultas en la instituci\u00f3n solamente podr\u00e1n realizarse de forma presencial cuando el usuario porte\u00a0 el permiso de desplazamiento adecuado.<\/p>\n<p>Por otra parte el departamento de extranjer\u00eda seguir\u00e1 funcionando de forma presencial, pero solamente con cita previamente programada en el portal <a href=\"http:\/\/www.extranjer\u00eda.cl\">www.extranjer\u00eda.cl<\/a>.<\/p>\n<p>En este sentido el llamado a la ciudadan\u00eda es a concurrir al edificio institucional solamente en caso de ser absolutamente necesario. De este modo se espera evitar aglomeraciones de personas en los mesones de atenci\u00f3n de OIRS y Extranjer\u00eda.<\/p>\n<p>Es necesario recordarle a la ciudadan\u00eda que se encuentran disponibles las consultas v\u00eda p\u00e1gina web, ingresando a trav\u00e9s de un dispositivo m\u00f3vil o un computador a la plataforma SIAC.INTERIOR.GOB.CL\u00a0 donde luego de llenar un sencillo formulario es posible realizar cualquier consulta, la que ser\u00e1 respondida por los profesionales de Gobernaci\u00f3n de Limar\u00ed, sin la necesidad que el usuario deba acudir de manera presencial al edificio.<\/p>\n<p>Al respecto el Gobernador Iv\u00e1n Espinoza, indic\u00f3 que \u201cinvitamos a quienes son usuarios de los servicios de nuestra Gobernaci\u00f3n a preferir las plataformas oline de atenci\u00f3n, especialmente para programar citas y atenciones. En caso de requerir apoyo en el \u00e1rea social o consultas, deben portar el permiso de desplazamiento adecuado. Recomendamos no concurrir a los servicios p\u00fablicos a menos que se estrictamente necesario e informarse de las modalidades de atenci\u00f3n que cada uno implementar\u00e1\u201d.<\/p>\n<p>Adem\u00e1s la m\u00e1xima autoridad provincial hizo hincapi\u00e9 en que \u201clo m\u00e1s importante es el compromiso de la ciudadan\u00eda, ya que no hay forma m\u00e1s efectiva de evitar el aumento de contagios, que el respeto a las normas sanitarias que se han establecido. Hacemos un llamado a todos los habitantes de la provincia de Limar\u00ed a cuidarnos y resguardar a nuestras familias, para que este confinamiento, que trae tantas incomodidades, dure lo menos posible\u201d<\/p>\n","protected":false},"excerpt":{"rendered":"<p>La Gobernaci\u00f3n de Limar\u00ed informa modificaci\u00f3n en el sistema de atenci\u00f3n a p\u00fablico, con motivo de la cuarentena anunciada para la comuna de Ovalle a contar del s\u00e1bado 27 de marzo.<\/p>\n","protected":false},"author":2,"featured_media":4756,"comment_status":"open","ping_status":"open","sticky":false,"template":"","format":"standard","meta":{"footnotes":""},"categories":[5],"tags":[],"class_list":["post-4755","post","type-post","status-publish","format-standard","has-post-thumbnail","hentry","category-actualidad-limarina"],"_links":{"self":[{"href":"https:\/\/www.radiolimari.cl\/index.php?rest_route=\/wp\/v2\/posts\/4755","targetHints":{"allow":["GET"]}}],"collection":[{"href":"https:\/\/www.radiolimari.cl\/index.php?rest_route=\/wp\/v2\/posts"}],"about":[{"href":"https:\/\/www.radiolimari.cl\/index.php?rest_route=\/wp\/v2\/types\/post"}],"author":[{"embeddable":true,"href":"https:\/\/www.radiolimari.cl\/index.php?rest_route=\/wp\/v2\/users\/2"}],"replies":[{"embeddable":true,"href":"https:\/\/www.radiolimari.cl\/index.php?rest_route=%2Fwp%2Fv2%2Fcomments&post=4755"}],"version-history":[{"count":1,"href":"https:\/\/www.radiolimari.cl\/index.php?rest_route=\/wp\/v2\/posts\/4755\/revisions"}],"predecessor-version":[{"id":4757,"href":"https:\/\/www.radiolimari.cl\/index.php?rest_route=\/wp\/v2\/posts\/4755\/revisions\/4757"}],"wp:featuredmedia":[{"embeddable":true,"href":"https:\/\/www.radiolimari.cl\/index.php?rest_route=\/wp\/v2\/media\/4756"}],"wp:attachment":[{"href":"https:\/\/www.radiolimari.cl\/index.php?rest_route=%2Fwp%2Fv2%2Fmedia&parent=4755"}],"wp:term":[{"taxonomy":"category","embeddable":true,"href":"https:\/\/www.radiolimari.cl\/index.php?rest_route=%2Fwp%2Fv2%2Fcategories&post=4755"},{"taxonomy":"post_tag","embeddable":true,"href":"https:\/\/www.radiolimari.cl\/index.php?rest_route=%2Fwp%2Fv2%2Ftags&post=4755"}],"curies":[{"name":"wp","href":"https:\/\/api.w.org\/{rel}","templated":true}]}}