{"id":4752,"date":"2021-03-26T15:37:54","date_gmt":"2021-03-26T15:37:54","guid":{"rendered":"http:\/\/www.radiolimari.cl\/?p=4752"},"modified":"2021-03-26T15:37:54","modified_gmt":"2021-03-26T15:37:54","slug":"por-cuarentena-seremi-de-energia-enfatiza-que-el-suministro-de-combustible-y-gas-esta-asegurado","status":"publish","type":"post","link":"https:\/\/www.radiolimari.cl\/?p=4752","title":{"rendered":"Por Cuarentena, Seremi de Energ\u00eda enfatiza que el suministro de combustible y gas est\u00e1 asegurado"},"content":{"rendered":"<p><a href=\"https:\/\/www.radiolimari.cl\/wp-content\/uploads\/2021\/03\/26.3-servicenrtro.jpg\"><img fetchpriority=\"high\" decoding=\"async\" class=\"alignnone size-medium wp-image-4753\" src=\"https:\/\/www.radiolimari.cl\/wp-content\/uploads\/2021\/03\/26.3-servicenrtro-300x225.jpg\" alt=\"26.3 servicenrtro\" width=\"300\" height=\"225\" srcset=\"https:\/\/www.radiolimari.cl\/wp-content\/uploads\/2021\/03\/26.3-servicenrtro-300x225.jpg 300w, https:\/\/www.radiolimari.cl\/wp-content\/uploads\/2021\/03\/26.3-servicenrtro.jpg 1024w\" sizes=\"(max-width: 300px) 100vw, 300px\" \/><\/a><\/p>\n<p><b style=\"color: #222222;\"><i>La autoridad llam\u00f3 a la tranquilidad de la ciudadan\u00eda respecto al funcionamiento de estos servicios considerados esenciales durante la cuarentena.<\/i><\/b><!--more--><\/p>\n<p style=\"font-weight: 400;\">Con la incorporaci\u00f3n de Ovalle , Combarbal\u00e1 y Los Vilos a cuarentena obligatoria, al igual que otras seis comunas que ya est\u00e1n en esta condici\u00f3n, el 94 por ciento de la poblaci\u00f3n regional quedar\u00e1 en confinamiento. Por lo mismo, el Seremi de Energ\u00eda, Alvaro Herrera, formul\u00f3 hoy un llamado a la ciudadan\u00eda a la tranquilidad y a evitar aglomeraciones en estaciones de servicio o centros de distribuci\u00f3n de gas licuado, a ra\u00edz de que adicionalmente a lo ya se\u00f1alado, este fin de semana habr\u00e1 una restricci\u00f3n excepcional para los desplazamientos.<\/p>\n<p style=\"font-weight: 400;\">\u201cEl llamado a la comunidad es a no repetir lo que sucedi\u00f3 hace algunas semanas, en la conurbaci\u00f3n La Serena-Coquimbo, y en Salamanca y Vicu\u00f1a cuando pasaron a fase 1, donde notamos aglomeraciones y largas filas en estaciones de servicio, por un aumento de demanda de combustibles y tambi\u00e9n de gas licuado\u201d, dijo el Seremi.<\/p>\n<p style=\"font-weight: 400;\">La autoridad mencion\u00f3 que este fin de semana ocurrir\u00e1 una situaci\u00f3n muy particular \u201cporque por primera vez se anular\u00e1n los permisos de desplazamiento generales, aunque s\u00ed se mantienen el resto de los permisos, lo que producir\u00e1 una disminuci\u00f3n notoria en la movilidad en la Regi\u00f3n de Coquimbo, y adem\u00e1s involucra a las comunas que est\u00e1n en fase 2\u201d.<\/p>\n<p style=\"font-weight: 400;\">Herrera precis\u00f3 que \u201cel suministro est\u00e1 asegurado y obviamente los servicios considerados esenciales siguen operando y funcionando con normalidad. Para las personas que tengan que salir durante el fin de semana y cumplan con la debida justificaci\u00f3n, o que adem\u00e1s sean parte de las labores consideradas esenciales, pueden desplazarse sin ning\u00fan problema y podr\u00e1n efectuar sus recargas de combustibles o comprar gas\u201d.<\/p>\n<p style=\"font-weight: 400;\">El personero insisti\u00f3 en el llamado para las personas de las comunas que reci\u00e9n \u00a0ingresar\u00e1n a cuarentena, o a quienes tendr\u00e1n restricci\u00f3n de desplazamiento, \u201ca mantener la calma, porque los servicios esenciales continuar\u00e1n operando sin ning\u00fan problema; la entrega de gas licuado sigue, por lo tanto, llegar\u00e1 a todos los hogares, al igual que el funcionamiento de las estaciones de servicios. As\u00ed evitaremos aglomeraciones y malas experiencias\u201d.<\/p>\n","protected":false},"excerpt":{"rendered":"<p>La autoridad llam\u00f3 a la tranquilidad de la ciudadan\u00eda respecto al funcionamiento de estos servicios considerados esenciales durante la cuarentena.<\/p>\n","protected":false},"author":2,"featured_media":4753,"comment_status":"open","ping_status":"open","sticky":false,"template":"","format":"standard","meta":{"footnotes":""},"categories":[6],"tags":[],"class_list":["post-4752","post","type-post","status-publish","format-standard","has-post-thumbnail","hentry","category-regionales"],"_links":{"self":[{"href":"https:\/\/www.radiolimari.cl\/index.php?rest_route=\/wp\/v2\/posts\/4752","targetHints":{"allow":["GET"]}}],"collection":[{"href":"https:\/\/www.radiolimari.cl\/index.php?rest_route=\/wp\/v2\/posts"}],"about":[{"href":"https:\/\/www.radiolimari.cl\/index.php?rest_route=\/wp\/v2\/types\/post"}],"author":[{"embeddable":true,"href":"https:\/\/www.radiolimari.cl\/index.php?rest_route=\/wp\/v2\/users\/2"}],"replies":[{"embeddable":true,"href":"https:\/\/www.radiolimari.cl\/index.php?rest_route=%2Fwp%2Fv2%2Fcomments&post=4752"}],"version-history":[{"count":1,"href":"https:\/\/www.radiolimari.cl\/index.php?rest_route=\/wp\/v2\/posts\/4752\/revisions"}],"predecessor-version":[{"id":4754,"href":"https:\/\/www.radiolimari.cl\/index.php?rest_route=\/wp\/v2\/posts\/4752\/revisions\/4754"}],"wp:featuredmedia":[{"embeddable":true,"href":"https:\/\/www.radiolimari.cl\/index.php?rest_route=\/wp\/v2\/media\/4753"}],"wp:attachment":[{"href":"https:\/\/www.radiolimari.cl\/index.php?rest_route=%2Fwp%2Fv2%2Fmedia&parent=4752"}],"wp:term":[{"taxonomy":"category","embeddable":true,"href":"https:\/\/www.radiolimari.cl\/index.php?rest_route=%2Fwp%2Fv2%2Fcategories&post=4752"},{"taxonomy":"post_tag","embeddable":true,"href":"https:\/\/www.radiolimari.cl\/index.php?rest_route=%2Fwp%2Fv2%2Ftags&post=4752"}],"curies":[{"name":"wp","href":"https:\/\/api.w.org\/{rel}","templated":true}]}}