{"id":4734,"date":"2021-03-24T20:06:05","date_gmt":"2021-03-24T20:06:05","guid":{"rendered":"http:\/\/www.radiolimari.cl\/?p=4734"},"modified":"2021-03-24T20:06:05","modified_gmt":"2021-03-24T20:06:05","slug":"con-gran-mayoria-de-diputados-se-aprobo-royalty","status":"publish","type":"post","link":"https:\/\/www.radiolimari.cl\/?p=4734","title":{"rendered":"CON GRAN MAYOR\u00cdA DE DIPUTADOS SE APROB\u00d3 ROYALTY"},"content":{"rendered":"<p><a href=\"https:\/\/www.radiolimari.cl\/wp-content\/uploads\/2021\/03\/24.3-royalty.jpg\"><img fetchpriority=\"high\" decoding=\"async\" class=\"alignnone size-medium wp-image-4735\" src=\"https:\/\/www.radiolimari.cl\/wp-content\/uploads\/2021\/03\/24.3-royalty-300x168.jpg\" alt=\"24.3 royalty\" width=\"300\" height=\"168\" srcset=\"https:\/\/www.radiolimari.cl\/wp-content\/uploads\/2021\/03\/24.3-royalty-300x168.jpg 300w, https:\/\/www.radiolimari.cl\/wp-content\/uploads\/2021\/03\/24.3-royalty.jpg 1000w\" sizes=\"(max-width: 300px) 100vw, 300px\" \/><\/a><\/p>\n<p><span style=\"color: #222222;\">La moci\u00f3n, que fue ingresada en el a\u00f1o 2018 por el diputado de la Regi\u00f3n de Antofagasta, Esteban Vel\u00e1squez (FRVS), fue aprobada con el voto transversal de todos los sectores pol\u00edticos en el hemiciclo.<\/span><!--more--><\/p>\n<div style=\"color: #222222;\">El 12 de septiembre de 2018 el diputado por la Regi\u00f3n de Antofagasta, Esteban Vel\u00e1squez (Regionalista) ingres\u00f3 un proyecto de ley que reconoce un derecho de compensaci\u00f3n econ\u00f3mica en favor del Estado de Chile por la extracci\u00f3n del cobre y del litio, de un 3% sobre el valor ad valorem de los minerales extra\u00eddos. En otras palabras, es el pago por el mineral mismo y no un impuesto sobre las utilidades de las mineras.<\/div>\n<div style=\"color: #222222;\">\nEl 11 de marzo del 2020 y tras una larga discusi\u00f3n fue aprobado con votos transversales en la Comisi\u00f3n de Miner\u00eda, la \u201ccomisi\u00f3n t\u00e9cnica\u201d del proyecto, pero fue enviado a la Comisi\u00f3n de Hacienda aunque no irroga gastos para el Estado, donde el reci\u00e9n pasado 18 de marzo de 2021 fue rechazado con votos UDI, RN y DC. Sin embargo, el proyecto del calame\u00f1o Vel\u00e1squez pas\u00f3 a la Sala donde logr\u00f3 ser aprobado reuniendo una gran mayor\u00eda transversal en la C\u00e1mara.<\/div>\n<div style=\"color: #222222;\">\n\u201cHoy este Parlamento, en su gran mayor\u00eda lo ha dicho, porque cuando revisen el detalle de las votaciones, de todos los sectores pol\u00edticos parlamentarios comprendieron que hay gestos que van m\u00e1s all\u00e1 de las rencillas partidarias. El norte hoy comienza a ocupar un espacio, porque este proyecto tiene esa inspiraci\u00f3n territorial, de regionalismo, de un norte que nos acordamos s\u00f3lo para la historia y cuando escribe Hern\u00e1n Rivera Letelier, desde la pampa, pero hoy este Parlamento, el de hoy, mira en la historia, en el ciudadano, piensa en aquellos que est\u00e1n construyendo d\u00eda a d\u00eda\u201d, se\u00f1al\u00f3 Vel\u00e1squez<\/div>\n<div style=\"color: #222222;\">\nEn ese sentido, agreg\u00f3 \u201cen este derecho, esta compensaci\u00f3n, el Estado de Chile da un paso profundo, importante, porque cuando hablamos de defender los recursos naturales queremos ir m\u00e1s all\u00e1 de la ret\u00f3rica, de aquellas columnas con mucha poes\u00eda. Es una primera puerta de entrada este royalty minero, que los estudiosos de los temas saben que no es un impuesto sino un Derecho, y cuesta en Chile entender ese concepto de Derechos, s\u00f3lo se ensalzan las obligaciones, las condiciones. Este es un primer paso, efectivamente, pero un paso del que ya no se va a retroceder\u201d, concluy\u00f3 el legislador.<\/div>\n<div style=\"color: #222222;\">\nPor su parte, el diputado comunista y presidente de la Comisi\u00f3n de Hacienda, Daniel N\u00fa\u00f1ez, espera que se apruebe en particular la indicaci\u00f3n que present\u00f3 para que se cobre en total un 13% de royalty a mineras transnacionales y locales.<\/div>\n<div style=\"color: #222222;\">\n\u201cA lo que ya impuls\u00f3 con mucha justeza el diputado Esteban Vel\u00e1squez, que es este 3% de royalty para las regiones mineras, nosotros hemos presentado una indicaci\u00f3n para que el royalty tenga tambi\u00e9n un 10% de recaudaci\u00f3n para el fisco. Eso quiere decir que tambi\u00e9n esta la posibilidad que este proyecto de ley genere un royalty del 13% a la gran miner\u00eda del cobre y el litio. Eso nos parece fundamental para que efectivamente las empresas mineras en Chile paguen lo justo y no se est\u00e9n llevando lo que est\u00e1n haciendo hoy d\u00eda: Millones de d\u00f3lares que se est\u00e1n echando a los bolsillos como ganancias, tanto empresas transnacionales como la familia Luksic.<\/div>\n<div style=\"color: #222222;\">\nEl parlamentario por Coquimbo destac\u00f3 que la aprobaci\u00f3n del proyecto en la sala es un acto de soberan\u00eda. \u201cEs un acto de soberan\u00eda y un acto de reivindicaci\u00f3n de la democracia. En esta sala, la ultima vez que se vot\u00f3 un proyecto de royalty se hizo con la mano negra de un ex ministro de Econom\u00eda, Pablo Longueira que gener\u00f3 en conjunto con la empresa Soquimich una norma que era la famosa invariabilidad tributaria. El fiscal de esta empresa, Contesse, redact\u00f3 una norma que estableci\u00f3 invariabilidad tributaria\u201d.<\/div>\n<div style=\"color: #222222;\"><\/div>\n<div style=\"color: #222222;\">El proyecto vuelve a hora a la Comisi\u00f3n de Miner\u00eda, donde su presidente el diputado Pablo Vidal (FA), se comprometi\u00f3 a \u201choy d\u00eda mismo en sesi\u00f3n de la tarde acordaremos la fecha en que retomaremos la tramitaci\u00f3n en particular de esta iniciativa, para a mas tardear dentro de las dos o tres semanas, a fin de devolverlo prontamente a la sala, para que sea despachado este proyecto\u201d, concluy\u00f3.<\/div>\n","protected":false},"excerpt":{"rendered":"<p>La moci\u00f3n, que fue ingresada en el a\u00f1o 2018 por el diputado de la Regi\u00f3n de Antofagasta, Esteban Vel\u00e1squez (FRVS), fue aprobada con el voto transversal de todos los sectores pol\u00edticos en el hemiciclo.<\/p>\n","protected":false},"author":2,"featured_media":4735,"comment_status":"open","ping_status":"open","sticky":false,"template":"","format":"standard","meta":{"footnotes":""},"categories":[3],"tags":[],"class_list":["post-4734","post","type-post","status-publish","format-standard","has-post-thumbnail","hentry","category-actualidad"],"_links":{"self":[{"href":"https:\/\/www.radiolimari.cl\/index.php?rest_route=\/wp\/v2\/posts\/4734","targetHints":{"allow":["GET"]}}],"collection":[{"href":"https:\/\/www.radiolimari.cl\/index.php?rest_route=\/wp\/v2\/posts"}],"about":[{"href":"https:\/\/www.radiolimari.cl\/index.php?rest_route=\/wp\/v2\/types\/post"}],"author":[{"embeddable":true,"href":"https:\/\/www.radiolimari.cl\/index.php?rest_route=\/wp\/v2\/users\/2"}],"replies":[{"embeddable":true,"href":"https:\/\/www.radiolimari.cl\/index.php?rest_route=%2Fwp%2Fv2%2Fcomments&post=4734"}],"version-history":[{"count":1,"href":"https:\/\/www.radiolimari.cl\/index.php?rest_route=\/wp\/v2\/posts\/4734\/revisions"}],"predecessor-version":[{"id":4736,"href":"https:\/\/www.radiolimari.cl\/index.php?rest_route=\/wp\/v2\/posts\/4734\/revisions\/4736"}],"wp:featuredmedia":[{"embeddable":true,"href":"https:\/\/www.radiolimari.cl\/index.php?rest_route=\/wp\/v2\/media\/4735"}],"wp:attachment":[{"href":"https:\/\/www.radiolimari.cl\/index.php?rest_route=%2Fwp%2Fv2%2Fmedia&parent=4734"}],"wp:term":[{"taxonomy":"category","embeddable":true,"href":"https:\/\/www.radiolimari.cl\/index.php?rest_route=%2Fwp%2Fv2%2Fcategories&post=4734"},{"taxonomy":"post_tag","embeddable":true,"href":"https:\/\/www.radiolimari.cl\/index.php?rest_route=%2Fwp%2Fv2%2Ftags&post=4734"}],"curies":[{"name":"wp","href":"https:\/\/api.w.org\/{rel}","templated":true}]}}