{"id":4726,"date":"2021-03-23T21:26:24","date_gmt":"2021-03-23T21:26:24","guid":{"rendered":"http:\/\/www.radiolimari.cl\/?p=4726"},"modified":"2021-03-23T21:26:24","modified_gmt":"2021-03-23T21:26:24","slug":"festival-arc-conmemora-diez-anos-de-historia-con-transmision-televisiva-y-online","status":"publish","type":"post","link":"https:\/\/www.radiolimari.cl\/?p=4726","title":{"rendered":"Festival ARC conmemora diez a\u00f1os de historia con transmisi\u00f3n televisiva y online"},"content":{"rendered":"<p><a href=\"https:\/\/www.radiolimari.cl\/wp-content\/uploads\/2021\/03\/23.3-festival-arc.jpg\"><img fetchpriority=\"high\" decoding=\"async\" class=\"alignnone size-medium wp-image-4727\" src=\"https:\/\/www.radiolimari.cl\/wp-content\/uploads\/2021\/03\/23.3-festival-arc-300x184.jpg\" alt=\"23.3 festival arc\" width=\"300\" height=\"184\" srcset=\"https:\/\/www.radiolimari.cl\/wp-content\/uploads\/2021\/03\/23.3-festival-arc-300x184.jpg 300w, https:\/\/www.radiolimari.cl\/wp-content\/uploads\/2021\/03\/23.3-festival-arc-1024x628.jpg 1024w\" sizes=\"(max-width: 300px) 100vw, 300px\" \/><\/a><\/p>\n<p><b style=\"color: #222222;\"><span lang=\"ES\">Este fin de semana se llevar\u00e1 a cabo una nueva edici\u00f3n del tradicional evento cultural, que este 2021 contar\u00e1 con una parrilla compuesta en su 100% por artistas regionales. \u201c\u00c9sta es una oportunidad para reactivar econ\u00f3micamente el sector y poner en valor el trabajo de nuestros creadores\u201d, destac\u00f3 el seremi de las Culturas.<\/span><\/b><!--more--><\/p>\n<p style=\"font-weight: 400;\">Este viernes 26, s\u00e1bado 27 y viernes 28 de marzo se llevar\u00e1 a cabo la conmemoraci\u00f3n de los diez a\u00f1os del Festival de las Artes Regi\u00f3n de Coquimbo (Festival ARC). Debido a la actual situaci\u00f3n sanitaria, el evento se emitir\u00e1 a trav\u00e9s de diferentes canales de televisi\u00f3n regional, adem\u00e1s del sitio web oficial\u00a0<a href=\"http:\/\/www.festivalarc.cl\/\" data-saferedirecturl=\"https:\/\/www.google.com\/url?q=http:\/\/www.festivalarc.cl&amp;source=gmail&amp;ust=1616619267026000&amp;usg=AFQjCNGXbWIMRsRAibDQNzqgKrpsrcMbww\">www.festivalarc.cl<\/a><\/p>\n<p style=\"font-weight: 400;\">M\u00fasica, teatro, danza, circo, literatura, audiovisual y artes visuales, entre otras expresiones art\u00edstico-culturales, estar\u00e1n presente en el certamen que anualmente organiza la Seremi de las Culturas, las Artes y el Patrimonio. Para este a\u00f1o, desde la instituci\u00f3n determinaron que la parrilla de artistas est\u00e9 conformada en su totalidad por creadores de la regi\u00f3n. Tambi\u00e9n, la Agrupaci\u00f3n Gremial de Trabajadores de las Artes y Espect\u00e1culos (AGTAE) fue invitada a trabajar en la producci\u00f3n y rodaje del evento.<\/p>\n<p style=\"font-weight: 400;\">Al respecto, el seremi de las Culturas, Francisco Varas, se\u00f1al\u00f3 que \u201cla pandemia ha generado una profunda crisis en t\u00e9rminos econ\u00f3micos y de empleabilidad en el sector cultural, desnudando una hist\u00f3rica precarizaci\u00f3n laboral que afecta a cientos de artistas, gestores y trabajadores de las culturas en la regi\u00f3n. \u00c9sta es una oportunidad para reactivar econ\u00f3micamente el sector y poner en valor el trabajo de nuestros creadores\u201d.<\/p>\n<p style=\"font-weight: 400;\">Dentro de los contenidos que la ciudadan\u00eda podr\u00e1 disfrutar a partir de este viernes, destaca la obra de teatro \u201cLa Marilym\u201d, original del dramaturgo coquimbano H\u00e9ctor \u00c1lvarez y a cargo de la compa\u00f1\u00eda local Teatro Puerto. En la m\u00fasica, agrupaciones de las Provincias de Limar\u00ed y Choapa presentar\u00e1n sus trabajos grabados previamente en locaciones de su mismo territorio, como el Valle del Encanto (Ovalle) y el Muelle de Los Vilos. Tambi\u00e9n, se exhibir\u00e1 bloque infantil, conversatorios, documentales, obras de danza, talleres de ilustraci\u00f3n y un especial de fotograf\u00eda a cargo de Mauricio Toro Goya, entre otros.<\/p>\n<p style=\"font-weight: 400;\">\n<p style=\"font-weight: 400;\"><strong>Reconocimientos p\u00f3stumos<\/strong><strong>\u00a0<\/strong><\/p>\n<p style=\"font-weight: 400;\">La previa de los diez a\u00f1os del Festival ARC, estuvo marcada por el fallecimiento de destacados creadores regionales, como el m\u00fasico Cristian Cuturrufo, la escritora Oriana Mondaca, el artista visual Gabriel Bujes y el artesano Franklin Gaona. Durante los tres d\u00edas se llevar\u00e1n a cabo reconocimientos p\u00f3stumos a la trayectoria y legado de estos artistas locales.<\/p>\n<p style=\"font-weight: 400;\">\u201cEste Festival tendr\u00e1 un significado muy especial dado el duro golpe que nos ha provocado como regi\u00f3n la partida de estos tremendos cultores y artistas. Respetuosamente, les brindaremos homenajes y reconocimientos como una manera de relevar el gran legado que han dejado en la regi\u00f3n y el pa\u00eds. Por ejemplo, estamos preparando una presentaci\u00f3n musical junto a amigos de Cristian Cuturrufo\u201d, agreg\u00f3 el seremi.<\/p>\n<p style=\"font-weight: 400;\">Sin duda, ser\u00e1 una conmemoraci\u00f3n diferente junto a artistas y creadores de la Regi\u00f3n de Coquimbo, quienes dar\u00e1n vida a la d\u00e9cima versi\u00f3n de uno de los festivales m\u00e1s importantes del pa\u00eds, el cual podr\u00e1 ser visto desde cualquier lugar del mundo por medio del sitio web oficial\u00a0<a href=\"http:\/\/www.festivalarc.cl\/\" data-saferedirecturl=\"https:\/\/www.google.com\/url?q=http:\/\/www.festivalarc.cl&amp;source=gmail&amp;ust=1616619267026000&amp;usg=AFQjCNGXbWIMRsRAibDQNzqgKrpsrcMbww\">www.festivalarc.cl<\/a>\u00a0y a trav\u00e9s de la televisi\u00f3n regional a cargo de Thema Televisi\u00f3n (Elqui), Astro TV (Limar\u00ed), Se\u00f1al 6 de Andacollo y Canal 8 de Illapel.<\/p>\n","protected":false},"excerpt":{"rendered":"<p>Este fin de semana se llevar\u00e1 a cabo una nueva edici\u00f3n del tradicional evento cultural, que este 2021 contar\u00e1 con una parrilla compuesta en su 100% por artistas regionales. \u201c\u00c9sta es una oportunidad para reactivar econ\u00f3micamente el sector y poner en valor el trabajo de nuestros creadores\u201d, destac\u00f3 el seremi de las Culturas.<\/p>\n","protected":false},"author":2,"featured_media":4727,"comment_status":"open","ping_status":"open","sticky":false,"template":"","format":"standard","meta":{"footnotes":""},"categories":[3],"tags":[],"class_list":["post-4726","post","type-post","status-publish","format-standard","has-post-thumbnail","hentry","category-actualidad"],"_links":{"self":[{"href":"https:\/\/www.radiolimari.cl\/index.php?rest_route=\/wp\/v2\/posts\/4726","targetHints":{"allow":["GET"]}}],"collection":[{"href":"https:\/\/www.radiolimari.cl\/index.php?rest_route=\/wp\/v2\/posts"}],"about":[{"href":"https:\/\/www.radiolimari.cl\/index.php?rest_route=\/wp\/v2\/types\/post"}],"author":[{"embeddable":true,"href":"https:\/\/www.radiolimari.cl\/index.php?rest_route=\/wp\/v2\/users\/2"}],"replies":[{"embeddable":true,"href":"https:\/\/www.radiolimari.cl\/index.php?rest_route=%2Fwp%2Fv2%2Fcomments&post=4726"}],"version-history":[{"count":1,"href":"https:\/\/www.radiolimari.cl\/index.php?rest_route=\/wp\/v2\/posts\/4726\/revisions"}],"predecessor-version":[{"id":4728,"href":"https:\/\/www.radiolimari.cl\/index.php?rest_route=\/wp\/v2\/posts\/4726\/revisions\/4728"}],"wp:featuredmedia":[{"embeddable":true,"href":"https:\/\/www.radiolimari.cl\/index.php?rest_route=\/wp\/v2\/media\/4727"}],"wp:attachment":[{"href":"https:\/\/www.radiolimari.cl\/index.php?rest_route=%2Fwp%2Fv2%2Fmedia&parent=4726"}],"wp:term":[{"taxonomy":"category","embeddable":true,"href":"https:\/\/www.radiolimari.cl\/index.php?rest_route=%2Fwp%2Fv2%2Fcategories&post=4726"},{"taxonomy":"post_tag","embeddable":true,"href":"https:\/\/www.radiolimari.cl\/index.php?rest_route=%2Fwp%2Fv2%2Ftags&post=4726"}],"curies":[{"name":"wp","href":"https:\/\/api.w.org\/{rel}","templated":true}]}}