{"id":4696,"date":"2021-03-16T02:33:49","date_gmt":"2021-03-16T02:33:49","guid":{"rendered":"http:\/\/www.radiolimari.cl\/?p=4696"},"modified":"2021-03-16T02:33:49","modified_gmt":"2021-03-16T02:33:49","slug":"en-dos-dias-y-con-mas-de-90-locales-de-votacion-se-realizaran-las-elecciones-en-la-region","status":"publish","type":"post","link":"https:\/\/www.radiolimari.cl\/?p=4696","title":{"rendered":"En dos d\u00edas y con m\u00e1s de 90 locales de votaci\u00f3n se realizar\u00e1n las elecciones en la regi\u00f3n"},"content":{"rendered":"<p><a href=\"https:\/\/www.radiolimari.cl\/wp-content\/uploads\/2021\/03\/15.3-elecciones-ok.jpg\"><img fetchpriority=\"high\" decoding=\"async\" class=\"alignnone size-medium wp-image-4698\" src=\"https:\/\/www.radiolimari.cl\/wp-content\/uploads\/2021\/03\/15.3-elecciones-ok-300x200.jpg\" alt=\"15.3 elecciones ok\" width=\"300\" height=\"200\" srcset=\"https:\/\/www.radiolimari.cl\/wp-content\/uploads\/2021\/03\/15.3-elecciones-ok-300x200.jpg 300w, https:\/\/www.radiolimari.cl\/wp-content\/uploads\/2021\/03\/15.3-elecciones-ok-1024x682.jpg 1024w\" sizes=\"(max-width: 300px) 100vw, 300px\" \/><\/a><\/p>\n<p><strong><em>El cambio, promulgado por el Presidente Sebasti\u00e1n Pi\u00f1era, busca incentivar la participaci\u00f3n de la ciudadan\u00eda y entregar las garant\u00edas sanitarias necesarias para los sufragios <\/em><\/strong><!--more--><\/p>\n<p>Para el 10 y 11 de abril se fijaron las elecciones de Gobernador Regional, Convencionales Constituyentes, Alcaldes y Concejales. Un hito in\u00e9dito en la historia del pa\u00eds, ya que por primera vez se desarrollar\u00e1 un proceso electoral de este tipo. Un cambio que las autoridades han impulsado para fomentar la participaci\u00f3n de las personas y que esta intervenci\u00f3n se haga de segura, en medio de la pandemia.<\/p>\n<p>El Intendente, Pablo Herman, explic\u00f3 que esta medida obedece a que se consider\u00f3 el aumento del tiempo destinado a votar, debido al alto n\u00famero de candidatos.<\/p>\n<p><strong>\u201cHoy estamos en un escenario de pandemia y lo que el Presidente Sebasti\u00e1n Pi\u00f1era busca con esta reforma, es fomentar la participaci\u00f3n ciudadana y, por su puesto, resguardar la salud de las personas en el proceso eleccionario. Como Gobierno vamos a adoptar todos los resguardos necesarios para que este proceso se realice en total normalidad, con informaci\u00f3n clara y con las mejores condiciones para que las personas tengan plena seguridad al momento de acudir a su lugar de votaci\u00f3n\u201d, detall\u00f3 el Jefe Regional, Pablo Herman.<\/strong><strong>\u00a0<\/strong><\/p>\n<p>En la Regi\u00f3n de Coquimbo, el Vocero de Gobierno, Ignacio Pinto, inform\u00f3 que seg\u00fan la planificaci\u00f3n que ha entregado el Servel, el proceso eleccionario considera contar con 95 locales de votaci\u00f3n en los que se albergar\u00e1n 1832 mesas.<\/p>\n<p><strong>\u201cTendremos dos d\u00edas para sufragar en las cuatro elecciones. Eso nos va a permitir que los votantes puedan distribuirse de mejor manera, para que as\u00ed podamos evitar las aglomeraciones y cuidar la salud de todos quienes est\u00e1n participando en este acto. El pr\u00f3ximo 22 de marzo, el Servel estar\u00e1 informando los horarios de las mesas y el d\u00eda en que, preferentemente, podr\u00e1n asistir los adultos mayores, mujeres embarazadas y personas con discapacidad\u201d, explic\u00f3 el Vocero Regional.<\/strong><strong>\u00a0<\/strong><\/p>\n<p><strong>MEDIDAS SANITARIAS PARA LAS JORNADAS. <\/strong>Para estas elecciones, se retomar\u00e1 el protocolo sanitario implementado para el Plebiscito del pasado 25 de octubre. En este instructivo consensuado entre Servel y el Ministerio de Salud se contempla que cada personas debe llevar su l\u00e1piz de pasta azul, la eliminaci\u00f3n el uso de cortinas o puertas a las c\u00e1maras secretas, trato preferente para adultos mayores de 60 a\u00f1os, mujeres embarazadas, personas que tengan alg\u00fan tipo de discapacidad, y electores que requieran ser asistidos en el ejercicio de su sufragio.<\/p>\n<p>Adem\u00e1s, no se podr\u00e1 ingresar a los locales con acompa\u00f1antes, ser\u00e1 obligatorio el uso de mascarillas durante todo el proceso, se establecer\u00e1n aforos m\u00e1ximos en los recintos y medidas que permitan asegurar el distanciamiento f\u00edsico en todo momento.<\/p>\n<p><strong>DATOS<\/strong><\/p>\n<p>&nbsp;<\/p>\n<table width=\"0\">\n<tbody>\n<tr>\n<td width=\"91\"><strong>Provincia<\/strong><\/td>\n<td width=\"123\"><strong>Comuna<\/strong><\/td>\n<td width=\"88\"><strong>Locales<\/strong><\/td>\n<td width=\"80\"><strong>Mesas<\/strong><\/td>\n<\/tr>\n<tr>\n<td rowspan=\"4\" width=\"91\"><strong>Choapa<\/strong><\/td>\n<td width=\"123\">Los Vilos<\/td>\n<td width=\"88\">4<\/td>\n<td width=\"80\">56<\/td>\n<\/tr>\n<tr>\n<td width=\"123\">Canela<\/td>\n<td width=\"88\">2<\/td>\n<td width=\"80\">29<\/td>\n<\/tr>\n<tr>\n<td width=\"123\">Illapel<\/td>\n<td width=\"88\">5<\/td>\n<td width=\"80\">81<\/td>\n<\/tr>\n<tr>\n<td width=\"123\">Salamanca<\/td>\n<td width=\"88\">5<\/td>\n<td width=\"80\">70<\/td>\n<\/tr>\n<tr>\n<td rowspan=\"5\" width=\"91\"><strong>Limar\u00ed<\/strong><\/td>\n<td width=\"123\">Ovalle<\/td>\n<td width=\"88\">16<\/td>\n<td width=\"80\">271<\/td>\n<\/tr>\n<tr>\n<td width=\"123\">R\u00edo Hurtado<\/td>\n<td width=\"88\">2<\/td>\n<td width=\"80\">18<\/td>\n<\/tr>\n<tr>\n<td width=\"123\">Monte Patria<\/td>\n<td width=\"88\">7<\/td>\n<td width=\"80\">102<\/td>\n<\/tr>\n<tr>\n<td width=\"123\">Punitaqui<\/td>\n<td width=\"88\">2<\/td>\n<td width=\"80\">32<\/td>\n<\/tr>\n<tr>\n<td width=\"123\">Combarbal\u00e1<\/td>\n<td width=\"88\">2<\/td>\n<td width=\"80\">39<\/td>\n<\/tr>\n<tr>\n<td rowspan=\"6\" width=\"91\"><strong>Elqui<\/strong><\/td>\n<td width=\"123\">La Serena<\/td>\n<td width=\"88\">23<\/td>\n<td width=\"80\">510<\/td>\n<\/tr>\n<tr>\n<td width=\"123\">Coquimbo<\/td>\n<td width=\"88\">20<\/td>\n<td width=\"80\">490<\/td>\n<\/tr>\n<tr>\n<td width=\"123\">La Higuera<\/td>\n<td width=\"88\">1<\/td>\n<td width=\"80\">14<\/td>\n<\/tr>\n<tr>\n<td width=\"123\">Andacollo<\/td>\n<td width=\"88\">2<\/td>\n<td width=\"80\">35<\/td>\n<\/tr>\n<tr>\n<td width=\"123\">Vicu\u00f1a<\/td>\n<td width=\"88\">3<\/td>\n<td width=\"80\">69<\/td>\n<\/tr>\n<tr>\n<td width=\"123\">Paihuano<\/td>\n<td width=\"88\">1<\/td>\n<td width=\"80\">16<\/td>\n<\/tr>\n<tr>\n<td width=\"123\"><strong>Total<\/strong><\/td>\n<td width=\"88\"><strong>95<\/strong><\/td>\n<td width=\"80\"><strong>1832<\/strong><\/td>\n<\/tr>\n<\/tbody>\n<\/table>\n<p>&nbsp;<\/p>\n","protected":false},"excerpt":{"rendered":"<p>El cambio, promulgado por el Presidente Sebasti\u00e1n Pi\u00f1era, busca incentivar la participaci\u00f3n de la ciudadan\u00eda y entregar las garant\u00edas sanitarias necesarias para los sufragios<\/p>\n","protected":false},"author":2,"featured_media":4698,"comment_status":"open","ping_status":"open","sticky":false,"template":"","format":"standard","meta":{"footnotes":""},"categories":[3],"tags":[],"class_list":["post-4696","post","type-post","status-publish","format-standard","has-post-thumbnail","hentry","category-actualidad"],"_links":{"self":[{"href":"https:\/\/www.radiolimari.cl\/index.php?rest_route=\/wp\/v2\/posts\/4696","targetHints":{"allow":["GET"]}}],"collection":[{"href":"https:\/\/www.radiolimari.cl\/index.php?rest_route=\/wp\/v2\/posts"}],"about":[{"href":"https:\/\/www.radiolimari.cl\/index.php?rest_route=\/wp\/v2\/types\/post"}],"author":[{"embeddable":true,"href":"https:\/\/www.radiolimari.cl\/index.php?rest_route=\/wp\/v2\/users\/2"}],"replies":[{"embeddable":true,"href":"https:\/\/www.radiolimari.cl\/index.php?rest_route=%2Fwp%2Fv2%2Fcomments&post=4696"}],"version-history":[{"count":1,"href":"https:\/\/www.radiolimari.cl\/index.php?rest_route=\/wp\/v2\/posts\/4696\/revisions"}],"predecessor-version":[{"id":4699,"href":"https:\/\/www.radiolimari.cl\/index.php?rest_route=\/wp\/v2\/posts\/4696\/revisions\/4699"}],"wp:featuredmedia":[{"embeddable":true,"href":"https:\/\/www.radiolimari.cl\/index.php?rest_route=\/wp\/v2\/media\/4698"}],"wp:attachment":[{"href":"https:\/\/www.radiolimari.cl\/index.php?rest_route=%2Fwp%2Fv2%2Fmedia&parent=4696"}],"wp:term":[{"taxonomy":"category","embeddable":true,"href":"https:\/\/www.radiolimari.cl\/index.php?rest_route=%2Fwp%2Fv2%2Fcategories&post=4696"},{"taxonomy":"post_tag","embeddable":true,"href":"https:\/\/www.radiolimari.cl\/index.php?rest_route=%2Fwp%2Fv2%2Ftags&post=4696"}],"curies":[{"name":"wp","href":"https:\/\/api.w.org\/{rel}","templated":true}]}}