{"id":4692,"date":"2021-03-16T02:14:08","date_gmt":"2021-03-16T02:14:08","guid":{"rendered":"http:\/\/www.radiolimari.cl\/?p=4692"},"modified":"2021-03-16T02:26:59","modified_gmt":"2021-03-16T02:26:59","slug":"amplian-horario-de-servicios-de-atencion-primara-de-urgencia-en-ovalle","status":"publish","type":"post","link":"https:\/\/www.radiolimari.cl\/?p=4692","title":{"rendered":"Ampl\u00edan horario de Servicios de Atenci\u00f3n Primara de Urgencia en Ovalle"},"content":{"rendered":"<p><a href=\"https:\/\/www.radiolimari.cl\/wp-content\/uploads\/2021\/03\/Cesfam-Fray-Jorge.jpg\"><img fetchpriority=\"high\" decoding=\"async\" class=\"alignnone size-medium wp-image-4693\" src=\"https:\/\/www.radiolimari.cl\/wp-content\/uploads\/2021\/03\/Cesfam-Fray-Jorge-300x225.jpg\" alt=\"Cesfam Fray Jorge\" width=\"300\" height=\"225\" srcset=\"https:\/\/www.radiolimari.cl\/wp-content\/uploads\/2021\/03\/Cesfam-Fray-Jorge-300x225.jpg 300w, https:\/\/www.radiolimari.cl\/wp-content\/uploads\/2021\/03\/Cesfam-Fray-Jorge-1024x768.jpg 1024w, https:\/\/www.radiolimari.cl\/wp-content\/uploads\/2021\/03\/Cesfam-Fray-Jorge.jpg 1280w\" sizes=\"(max-width: 300px) 100vw, 300px\" \/><\/a><\/p>\n<p><strong><em>El Servicio de Atenci\u00f3n Primaria de Urgencia (SAPU) de los Cesfam Fray Jorge y Jorge Jord\u00e1n Domic atender\u00e1n desde las 17 horas hasta las 8 de la ma\u00f1ana. Esta medida se tom\u00f3 con el fin de apoyar en la descongesti\u00f3n del Servicio de Urgencia del Hospital de Ovalle. <\/em><\/strong><!--more--><\/p>\n<p>Ovalle vive una situaci\u00f3n preocupante en lo que respecta a la pandemia. Debido a esto, es que el Servicio de Atenci\u00f3n Primaria de Urgencia (SAPU) de los Cesfam Fray Jorge y Jorge Jord\u00e1n Domic extender\u00e1n su horario de atenci\u00f3n, desde las 17 horas hasta las 8 de la ma\u00f1ana. Esta medida se adopt\u00f3 como forma de contribuir en la descongesti\u00f3n del Servicio de Urgencia del Hospital de Ovalle, que, diariamente, recibe innumerables pacientes, con distintos grados de complejidad, principalmente, casos relacionados con complicaciones respiratorias asociadas a Covid-19.<\/p>\n<p>En este sentido, la jefa del departamento de Salud Municipal, \u00c1ngela Neira indic\u00f3 que el prop\u00f3sito principal es \u201capoyar en la descongesti\u00f3n del Hospital de Ovalle, porque tiene una alta demanda. Para eso, nosotros tanto en los Cesfam Fray Jorge y Jorge Jord\u00e1n extenderemos el horario, al menos por la madrugada de este martes 16 de marzo y esperaremos las indicaciones del Servicio de Salud Coquimbo para los d\u00edas posteriores. Es importante se\u00f1alar que nosotros nos encargaremos de los problemas de salud de menor categorizaci\u00f3n tanto en los SAPU, como en el SAR Marcos Macuada\u201d.\u00a0 La profesional agreg\u00f3 que la principal recomendaci\u00f3n es que las personas \u201csi presentan alg\u00fan tipo de complicaci\u00f3n de salud de menor complejidad asistan a nuestros SAPU, entre las 17 horas y las 00.00 horas, con el fin de que en la madrugada se preste atenci\u00f3n a los pacientes, que se encuentren en una situaci\u00f3n impostergable y de esta evitar que se generen aglomeraciones\u201d.<\/p>\n<p>En este sentido, el asesor m\u00e9dico del departamento de Salud Municipal, Diego Pe\u00f1ailillo sostuvo que hay algunos dispositivos de menor complejidad de la red, \u201ccomo el SAPU y SAR que deben incorporarse, completamente, a la atenci\u00f3n de urgencia y en este caso, que estamos en medio de una emergencia sanitaria, donde estamos con una cantidad importante de consultas de urgencia y una ocupaci\u00f3n muy alta de camas de Cuidados Intensivos, corresponde que la red se articule y pueda apoyar al sistema de mayor complejidad, como es el Hospital de Ovalle\u201d.<\/p>\n<p>Podr\u00e1n asistir al SAR Marcos Macuada o SAPU, las personas que presenten quemaduras, heridas, picaduras y mordeduras de animales, adem\u00e1s de intoxicaciones producto de medicamentos, drogas, alcohol, entre otros. A esto suman, accidentes dom\u00e9sticos, crisis de asma o problemas respiratorios de baja complejidad o dolores intensos de est\u00f3mago o cabeza y problemas en general que no impliquen riesgo vital.<\/p>\n<p>En tanto, tendr\u00e1n que asistir al Servicio de Urgencia Hospitalaria quienes presenten s\u00edntomas de infarto o paro cardiaco, fracturas graves o heridas profundas, si presenta dificultades respiratorias considerables o quemaduras graves. A esto se agregan ca\u00eddas de una altura importante y problemas que comprometan la vida del paciente.<\/p>\n<p>&nbsp;<\/p>\n","protected":false},"excerpt":{"rendered":"<p>El Servicio de Atenci\u00f3n Primaria de Urgencia (SAPU) de los Cesfam Fray Jorge y Jorge Jord\u00e1n Domic atender\u00e1n desde las 17 horas hasta las 8 de la ma\u00f1ana. Esta medida se tom\u00f3 con el fin de apoyar en la descongesti\u00f3n del Servicio de Urgencia del Hospital de Ovalle.<\/p>\n","protected":false},"author":2,"featured_media":4693,"comment_status":"open","ping_status":"open","sticky":false,"template":"","format":"standard","meta":{"footnotes":""},"categories":[5],"tags":[],"class_list":["post-4692","post","type-post","status-publish","format-standard","has-post-thumbnail","hentry","category-actualidad-limarina"],"_links":{"self":[{"href":"https:\/\/www.radiolimari.cl\/index.php?rest_route=\/wp\/v2\/posts\/4692","targetHints":{"allow":["GET"]}}],"collection":[{"href":"https:\/\/www.radiolimari.cl\/index.php?rest_route=\/wp\/v2\/posts"}],"about":[{"href":"https:\/\/www.radiolimari.cl\/index.php?rest_route=\/wp\/v2\/types\/post"}],"author":[{"embeddable":true,"href":"https:\/\/www.radiolimari.cl\/index.php?rest_route=\/wp\/v2\/users\/2"}],"replies":[{"embeddable":true,"href":"https:\/\/www.radiolimari.cl\/index.php?rest_route=%2Fwp%2Fv2%2Fcomments&post=4692"}],"version-history":[{"count":2,"href":"https:\/\/www.radiolimari.cl\/index.php?rest_route=\/wp\/v2\/posts\/4692\/revisions"}],"predecessor-version":[{"id":4695,"href":"https:\/\/www.radiolimari.cl\/index.php?rest_route=\/wp\/v2\/posts\/4692\/revisions\/4695"}],"wp:featuredmedia":[{"embeddable":true,"href":"https:\/\/www.radiolimari.cl\/index.php?rest_route=\/wp\/v2\/media\/4693"}],"wp:attachment":[{"href":"https:\/\/www.radiolimari.cl\/index.php?rest_route=%2Fwp%2Fv2%2Fmedia&parent=4692"}],"wp:term":[{"taxonomy":"category","embeddable":true,"href":"https:\/\/www.radiolimari.cl\/index.php?rest_route=%2Fwp%2Fv2%2Fcategories&post=4692"},{"taxonomy":"post_tag","embeddable":true,"href":"https:\/\/www.radiolimari.cl\/index.php?rest_route=%2Fwp%2Fv2%2Ftags&post=4692"}],"curies":[{"name":"wp","href":"https:\/\/api.w.org\/{rel}","templated":true}]}}