{"id":4689,"date":"2021-03-15T17:04:53","date_gmt":"2021-03-15T17:04:53","guid":{"rendered":"http:\/\/www.radiolimari.cl\/?p=4689"},"modified":"2021-03-15T17:04:53","modified_gmt":"2021-03-15T17:04:53","slug":"conaf-y-gobernacion-de-limari-entregan-balance-de-la-temporada-de-incendios-forestales","status":"publish","type":"post","link":"https:\/\/www.radiolimari.cl\/?p=4689","title":{"rendered":"CONAF y Gobernaci\u00f3n de Limar\u00ed entregan balance de la temporada de incendios forestales"},"content":{"rendered":"<p><a href=\"https:\/\/www.radiolimari.cl\/wp-content\/uploads\/2021\/03\/15.3-IIFF-COQMBO-2.jpeg\"><img fetchpriority=\"high\" decoding=\"async\" class=\"alignnone size-medium wp-image-4690\" src=\"https:\/\/www.radiolimari.cl\/wp-content\/uploads\/2021\/03\/15.3-IIFF-COQMBO-2-300x225.jpeg\" alt=\"15.3 IIFF COQMBO (2)\" width=\"300\" height=\"225\" srcset=\"https:\/\/www.radiolimari.cl\/wp-content\/uploads\/2021\/03\/15.3-IIFF-COQMBO-2-300x225.jpeg 300w, https:\/\/www.radiolimari.cl\/wp-content\/uploads\/2021\/03\/15.3-IIFF-COQMBO-2-1024x768.jpeg 1024w, https:\/\/www.radiolimari.cl\/wp-content\/uploads\/2021\/03\/15.3-IIFF-COQMBO-2.jpeg 1280w\" sizes=\"(max-width: 300px) 100vw, 300px\" \/><\/a><\/p>\n<p><b style=\"color: #222222;\"><i><span lang=\"ES-MX\">Se destaca coordinaci\u00f3n entre instituciones que ha permitido disminuir \u00e1rea afectada y ocurrencia.\u00a0<\/span><\/i><\/b><!--more--><\/p>\n<p style=\"font-weight: 400;\">Autoridades realizaron un positivo balance de la temporada estival de los incendios forestales. La informaci\u00f3n oficial de CONAF se\u00f1ala que en la regi\u00f3n de Coquimbo se han registrado entre 53 incendios forestales en periodo 2020-2010 que representa un tercio menos de lo que hubo en el periodo\u00a0 2019-2020 cuando se registraron 80.<\/p>\n<p style=\"font-weight: 400;\">En cuanto al \u00e1rea afectada total en la regi\u00f3n, se registran 200 hect\u00e1reas da\u00f1adas, que representa un 13% menos que la temporada anterior.<\/p>\n<p style=\"font-weight: 400;\">El Gobernador de Limar\u00ed Iv\u00e1n Espinoza, manifest\u00f3 al respecto que \u201ctenemos mucho que agradecerles a las brigadas de incendios forestales de CONAF quienes manejan la log\u00edstica y son especialistas en este tipo de incendios. Estos grupos de personas son los que se sacrifican por nuestros errores nuestros cuando somos irresponsables con el medio ambiente. El origen de los incendios forestales es la acci\u00f3n humana, nosotros somos los responsables del origen de cada uno de los incendios y los da\u00f1os que ellos conllevan, puede ser por descuido, por negligencia o bien, hay un porcentaje de ellos que son intencionales, por lo tanto, hay que reflexionar y educar a la gente\u201d.<\/p>\n<p style=\"font-weight: 400;\">El Seremi de Agricultura, Rodrigo \u00d3rdenes se\u00f1al\u00f3 que \u201csab\u00edamos que est\u00e1bamos frente a la sequ\u00eda m\u00e1s grande de la historia de Chile, sab\u00edamos que adem\u00e1s \u00edbamos a enfrentar temperaturas m\u00e1ximas muy altas, que hab\u00eda mucho combustible, que la humedad relativa iba ser muy baja y tambi\u00e9n sab\u00edamos que \u00edbamos a tener fuertes vientos durante esta temporada, pero gracias al trabajo de coordinaci\u00f3n entre las distintas instituciones, como Carabineros, Bomberos, la PDI, las gobernaciones y la tambi\u00e9n la Corporaci\u00f3n Nacional Forestal, hoy d\u00eda estamos observando estos resultados en nuestra regi\u00f3n, una disminuci\u00f3n en el n\u00famero de incendios y tambi\u00e9n una disminuci\u00f3n en las hect\u00e1reas afectadas. Por eso es importante se\u00f1alar que vamos a seguir trabajando, vamos a seguir reforzando el trabajo preventivo, tanto en el \u00e1mbito urbano, pero tambi\u00e9n en el \u00e1mbito rural\u201d.<\/p>\n<p style=\"font-weight: 400;\">Eduardo Rodr\u00edguez, Director Regional de CONAF, instituci\u00f3n que vela por la prevenci\u00f3n y combate de los incendios forestales en nuestro pa\u00eds, interpret\u00f3 las cifras como \u201c30 incendios forestales de los 53, no han sido superiores a una hect\u00e1rea, lo que habla del sistema que tenemos con bomberos, nuestra estrategia de golpe \u00fanico total que implica que ellos llegan primero, contienen el incendio y dan tiempo para la llegada de la brigada de CONAF, para que en conjunto extingan, est\u00e1 dando buenos resultados tambi\u00e9n\u201d.<\/p>\n<p style=\"font-weight: 400;\">Respecto a la prevenci\u00f3n, las autoridades fueron enf\u00e1ticas en hacer los llamados correspondientes al n\u00famero de CONAF 130 y a denunciar cualquier actividad sospechosa, si visibilizan humo o ven alg\u00fan posible foco de incendio para as\u00ed prevenir estos lamentables hechos que siempre acompa\u00f1an la temporada estival debido a la sequ\u00eda en la que se encuentra nuestra zona regional.<\/p>\n<p style=\"font-weight: 400;\"><strong>Balance Provincial<\/strong><\/p>\n<p style=\"font-weight: 400;\">Desde la direcci\u00f3n regional de CONAF, adem\u00e1s informaron que Ovalle registra 18 incendios de los 53 que lo ubica por sobre la comuna de Coquimbo que le sigue con 7 incendios. \u201cAdem\u00e1s de este n\u00famero tenemos que lamentar que\u00a0 la m\u00e1s afectada de las comunas ha sido Combarbala con 100 hect\u00e1reas aunque ha sido en zonas no pobladas, le sigue Ovalle con 29 hect\u00e1reas.<\/p>\n","protected":false},"excerpt":{"rendered":"<p>Se destaca coordinaci\u00f3n entre instituciones que ha permitido disminuir \u00e1rea afectada y ocurrencia.\u00a0<\/p>\n","protected":false},"author":2,"featured_media":4690,"comment_status":"open","ping_status":"open","sticky":false,"template":"","format":"standard","meta":{"footnotes":""},"categories":[6],"tags":[],"class_list":["post-4689","post","type-post","status-publish","format-standard","has-post-thumbnail","hentry","category-regionales"],"_links":{"self":[{"href":"https:\/\/www.radiolimari.cl\/index.php?rest_route=\/wp\/v2\/posts\/4689","targetHints":{"allow":["GET"]}}],"collection":[{"href":"https:\/\/www.radiolimari.cl\/index.php?rest_route=\/wp\/v2\/posts"}],"about":[{"href":"https:\/\/www.radiolimari.cl\/index.php?rest_route=\/wp\/v2\/types\/post"}],"author":[{"embeddable":true,"href":"https:\/\/www.radiolimari.cl\/index.php?rest_route=\/wp\/v2\/users\/2"}],"replies":[{"embeddable":true,"href":"https:\/\/www.radiolimari.cl\/index.php?rest_route=%2Fwp%2Fv2%2Fcomments&post=4689"}],"version-history":[{"count":1,"href":"https:\/\/www.radiolimari.cl\/index.php?rest_route=\/wp\/v2\/posts\/4689\/revisions"}],"predecessor-version":[{"id":4691,"href":"https:\/\/www.radiolimari.cl\/index.php?rest_route=\/wp\/v2\/posts\/4689\/revisions\/4691"}],"wp:featuredmedia":[{"embeddable":true,"href":"https:\/\/www.radiolimari.cl\/index.php?rest_route=\/wp\/v2\/media\/4690"}],"wp:attachment":[{"href":"https:\/\/www.radiolimari.cl\/index.php?rest_route=%2Fwp%2Fv2%2Fmedia&parent=4689"}],"wp:term":[{"taxonomy":"category","embeddable":true,"href":"https:\/\/www.radiolimari.cl\/index.php?rest_route=%2Fwp%2Fv2%2Fcategories&post=4689"},{"taxonomy":"post_tag","embeddable":true,"href":"https:\/\/www.radiolimari.cl\/index.php?rest_route=%2Fwp%2Fv2%2Ftags&post=4689"}],"curies":[{"name":"wp","href":"https:\/\/api.w.org\/{rel}","templated":true}]}}