{"id":4686,"date":"2021-03-13T15:33:48","date_gmt":"2021-03-13T15:33:48","guid":{"rendered":"http:\/\/www.radiolimari.cl\/?p=4686"},"modified":"2021-03-13T15:33:48","modified_gmt":"2021-03-13T15:33:48","slug":"en-ovalle-desde-el-15-de-marzo-podran-vacunarse-los-enfermos-cronicos-y-personas-en-situacion-de-discapacidad-que-tengan-entre-16-y-45-anos","status":"publish","type":"post","link":"https:\/\/www.radiolimari.cl\/?p=4686","title":{"rendered":"En Ovalle desde el 15 de marzo podr\u00e1n vacunarse los enfermos cr\u00f3nicos y personas en situaci\u00f3n de discapacidad que tengan entre 16 y 45 a\u00f1os"},"content":{"rendered":"<p><a href=\"https:\/\/www.radiolimari.cl\/wp-content\/uploads\/2021\/03\/13.3-Vacunaci\u00f3n-15-de-marzo.jpg\"><img fetchpriority=\"high\" decoding=\"async\" class=\"alignnone size-medium wp-image-4687\" src=\"https:\/\/www.radiolimari.cl\/wp-content\/uploads\/2021\/03\/13.3-Vacunaci\u00f3n-15-de-marzo-300x225.jpg\" alt=\"13.3 Vacunaci\u00f3n 15 de marzo\" width=\"300\" height=\"225\" srcset=\"https:\/\/www.radiolimari.cl\/wp-content\/uploads\/2021\/03\/13.3-Vacunaci\u00f3n-15-de-marzo-300x225.jpg 300w, https:\/\/www.radiolimari.cl\/wp-content\/uploads\/2021\/03\/13.3-Vacunaci\u00f3n-15-de-marzo-1024x768.jpg 1024w\" sizes=\"(max-width: 300px) 100vw, 300px\" \/><\/a><\/p>\n<p><strong><em>A ellos se sumar\u00e1n, el personal de la ONEMI, CONAF, integrantes del Cuerpo de Bomberos y Gendarmer\u00eda, quienes deber\u00e1n presentar su credencial respectivo para ser inoculados. Para estos efectos, se encuentra habilitado el Estadio Municipal Diaguita con m\u00e1s de 20 puntos de inoculaci\u00f3n. <\/em><\/strong><!--more--><\/p>\n<p>Desde el lunes 15 de marzo podr\u00e1n vacunarse, tanto las personas que padezcan de enfermedades cr\u00f3nicas, como tambi\u00e9n quienes se encuentren en situaci\u00f3n de discapacidad severa o profunda, que tengan entre 16 y 45 a\u00f1os de edad.<\/p>\n<p>De acuerdo al calendario oficial del ministerio de Salud, el lunes 15 de marzo les corresponde a quienes tengan entre 42 y 45 a\u00f1os, el martes a las personas de 36 a 41 a\u00f1os, el mi\u00e9rcoles recibir\u00e1n la primera dosis quienes fluct\u00faen entre los 30 y 35 a\u00f1os. Asimismo, el jueves las personas que tengan entre 22 y 29 a\u00f1os y el viernes quienes est\u00e9n en el rango etario de entre los 16 y 21 a\u00f1os con enfermedades cr\u00f3nicas y que presenten discapacidad.<\/p>\n<p>Durante esta misma jornada, se iniciar\u00e1 la vacunaci\u00f3n del personal de la Onemi, Conaf, Bomberos y Gendarmer\u00eda, quienes deber\u00e1n presentar su credencial para acreditar que pertenecen a dichas instituciones. A estos se sumar\u00e1 el \u00a0personal de empresas de transportes y el personal de servicios b\u00e1sicos, de recolecci\u00f3n de desechos domiciliarios, rellenos sanitarios, elaboraci\u00f3n de qu\u00edmicos y productos farmac\u00e9uticos, funerarias y cementerios, presentando su credencial vigente.<\/p>\n<p>En lo referente a los denominados \u201crezagados\u201d, la jefa del departamento de Salud, Angela Neira indic\u00f3 que est\u00e1n centrando sus esfuerzos de lunes a viernes y para eso contamos con m\u00e1s de 20 puntos de vacunaci\u00f3n. \u201cLas personas que no pudieron ir a vacunarse en la fecha que les correspond\u00eda pueden hacerlo sin problemas en jornadas posteriores, pues lo \u00fanico que no podemos hacer, por orden expresa del ministerio de Salud, es adelantar vacunas\u201d. Neira agreg\u00f3 que \u201cno tendremos proceso de vacunaci\u00f3n durante los fines de semana, puesto que la comuna de Ovalle se encuentra en Fase II y con esta medida se busca reducir la movilidad social al m\u00e1ximo, los d\u00edas s\u00e1bado y domingo\u201d.<\/p>\n<p>Recordemos, que el Estadio Municipal Diaguita se encuentra habilitado como \u00fanico centro de vacunaci\u00f3n y cuenta con m\u00e1s de 20 puntos para hacer efectiva la inoculaci\u00f3n. El recinto deportivo estar\u00e1 abierto de lunes a jueves de 9 a 16 horas y los viernes de 9 a 15 horas.<\/p>\n<p>&nbsp;<\/p>\n","protected":false},"excerpt":{"rendered":"<p>A ellos se sumar\u00e1n, el personal de la ONEMI, CONAF, integrantes del Cuerpo de Bomberos y Gendarmer\u00eda, quienes deber\u00e1n presentar su credencial respectivo para ser inoculados. Para estos efectos, se encuentra habilitado el Estadio Municipal Diaguita con m\u00e1s de 20 puntos de inoculaci\u00f3n.<\/p>\n","protected":false},"author":2,"featured_media":4687,"comment_status":"open","ping_status":"open","sticky":false,"template":"","format":"standard","meta":{"footnotes":""},"categories":[3],"tags":[],"class_list":["post-4686","post","type-post","status-publish","format-standard","has-post-thumbnail","hentry","category-actualidad"],"_links":{"self":[{"href":"https:\/\/www.radiolimari.cl\/index.php?rest_route=\/wp\/v2\/posts\/4686","targetHints":{"allow":["GET"]}}],"collection":[{"href":"https:\/\/www.radiolimari.cl\/index.php?rest_route=\/wp\/v2\/posts"}],"about":[{"href":"https:\/\/www.radiolimari.cl\/index.php?rest_route=\/wp\/v2\/types\/post"}],"author":[{"embeddable":true,"href":"https:\/\/www.radiolimari.cl\/index.php?rest_route=\/wp\/v2\/users\/2"}],"replies":[{"embeddable":true,"href":"https:\/\/www.radiolimari.cl\/index.php?rest_route=%2Fwp%2Fv2%2Fcomments&post=4686"}],"version-history":[{"count":1,"href":"https:\/\/www.radiolimari.cl\/index.php?rest_route=\/wp\/v2\/posts\/4686\/revisions"}],"predecessor-version":[{"id":4688,"href":"https:\/\/www.radiolimari.cl\/index.php?rest_route=\/wp\/v2\/posts\/4686\/revisions\/4688"}],"wp:featuredmedia":[{"embeddable":true,"href":"https:\/\/www.radiolimari.cl\/index.php?rest_route=\/wp\/v2\/media\/4687"}],"wp:attachment":[{"href":"https:\/\/www.radiolimari.cl\/index.php?rest_route=%2Fwp%2Fv2%2Fmedia&parent=4686"}],"wp:term":[{"taxonomy":"category","embeddable":true,"href":"https:\/\/www.radiolimari.cl\/index.php?rest_route=%2Fwp%2Fv2%2Fcategories&post=4686"},{"taxonomy":"post_tag","embeddable":true,"href":"https:\/\/www.radiolimari.cl\/index.php?rest_route=%2Fwp%2Fv2%2Ftags&post=4686"}],"curies":[{"name":"wp","href":"https:\/\/api.w.org\/{rel}","templated":true}]}}