{"id":4677,"date":"2021-03-12T14:05:31","date_gmt":"2021-03-12T14:05:31","guid":{"rendered":"http:\/\/www.radiolimari.cl\/?p=4677"},"modified":"2021-03-12T14:05:31","modified_gmt":"2021-03-12T14:05:31","slug":"en-el-monumento-natural-pichasca-de-san-pedro-se-realiza-un-catastro-palentologico","status":"publish","type":"post","link":"https:\/\/www.radiolimari.cl\/?p=4677","title":{"rendered":"EN EL MONUMENTO NATURAL PICHASCA  DE SAN PEDRO, SE REALIZA UN CATASTRO PALENTOLOGICO"},"content":{"rendered":"<p><a href=\"https:\/\/www.radiolimari.cl\/wp-content\/uploads\/2021\/03\/12.3-Catastro-paleontol\u00f3gico-Pichasca.jpeg\"><img fetchpriority=\"high\" decoding=\"async\" class=\"alignnone size-medium wp-image-4678\" src=\"https:\/\/www.radiolimari.cl\/wp-content\/uploads\/2021\/03\/12.3-Catastro-paleontol\u00f3gico-Pichasca-300x224.jpeg\" alt=\"12.3 Catastro paleontol\u00f3gico Pichasca\" width=\"300\" height=\"224\" srcset=\"https:\/\/www.radiolimari.cl\/wp-content\/uploads\/2021\/03\/12.3-Catastro-paleontol\u00f3gico-Pichasca-300x224.jpeg 300w, https:\/\/www.radiolimari.cl\/wp-content\/uploads\/2021\/03\/12.3-Catastro-paleontol\u00f3gico-Pichasca-1024x766.jpeg 1024w, https:\/\/www.radiolimari.cl\/wp-content\/uploads\/2021\/03\/12.3-Catastro-paleontol\u00f3gico-Pichasca.jpeg 1280w\" sizes=\"(max-width: 300px) 100vw, 300px\" \/><\/a><\/p>\n<p><span style=\"color: #050505;\">El objetivo de realizar un levantamiento de informaci\u00f3n o diagn\u00f3stico inicial sobre objetos de conservaci\u00f3n culturales del sendero de interpretaci\u00f3n que est\u00e1 dentro de las inmediaciones del lugar.<\/span><!--more--><\/p>\n<div class=\"o9v6fnle cxmmr5t8 oygrvhab hcukyx3x c1et5uql ii04i59q\">\n<div dir=\"auto\">Esta semana se ha estado realizando, en el Monumento Natural de Pichasca, ubicado en San Pedro, comuna de R\u00edo Hurtado, el primer Catastro Paleontol\u00f3gico del a\u00f1o 2021, con el objetivo de realizar un levantamiento de informaci\u00f3n o diagn\u00f3stico inicial sobre objetos de conservaci\u00f3n culturales del sendero de interpretaci\u00f3n que est\u00e1 dentro de las inmediaciones del lugar.<\/div>\n<div dir=\"auto\"><\/div>\n<\/div>\n<div class=\"o9v6fnle cxmmr5t8 oygrvhab hcukyx3x c1et5uql ii04i59q\">\n<div dir=\"auto\">Eduardo Rodr\u00edguez, Director regional de CONAF, instituci\u00f3n que est\u00e1 a cargo de la conservaci\u00f3n y protecci\u00f3n de esta \u00e1rea silvestre, se\u00f1al\u00f3 que \u201chemos hecho un catastro paleontol\u00f3gico muy interesante que tiene como objetivo preservar estas formaciones de hace millones de a\u00f1os, que dan cuenta de la existencia de bosques de con\u00edferas, restos fosilizados de huesos de dinosaurios, entre otros f\u00f3siles que son muy llamativos\u201d. Entendiendo que es uno de los principales atractivos tur\u00edsticos que tiene la provincia del Limar\u00ed, tambi\u00e9n agreg\u00f3 que \u201chay sectores que est\u00e1n destinados al uso p\u00fablico, que eventualmente podr\u00edan tener alguna alteraci\u00f3n producto de las visitas, sin embargo, este catastro nos permitir\u00e1 tener un mejor control de la conservaci\u00f3n de estos recursos\u201d.<\/div>\n<div dir=\"auto\"><\/div>\n<\/div>\n<div class=\"o9v6fnle cxmmr5t8 oygrvhab hcukyx3x c1et5uql ii04i59q\">\n<div dir=\"auto\">El Seremi de Agricultura, Rodrigo \u00d3rdenes, se refiri\u00f3 al tema y se\u00f1al\u00f3 \u201cEstamos ante un gran trabajo que ha realizado CONAF en un lugar maravilloso, que cuenta con una historia paleontol\u00f3gica impresionante. El Monumento Natural de Pichasca, no s\u00f3lo tiene un reconocimiento en nuestro pa\u00eds, a\u00f1o tras a\u00f1o se ha convertido en un foco de investigaciones de distintos lugares del mundo. Es en esta l\u00ednea que poder contar con un catastro de esta magnitud, sin duda que permite poner en valor a\u00fan m\u00e1s los hallazgos realizados y sobre todo nos da la oportunidad de realizar un control y un cuidado m\u00e1s exhaustivo de material presente en esta \u00e1rea\u201d<\/div>\n<div dir=\"auto\"><\/div>\n<\/div>\n<div class=\"o9v6fnle cxmmr5t8 oygrvhab hcukyx3x c1et5uql ii04i59q\">\n<div dir=\"auto\">A su vez, la administradora del lugar, Mar\u00eda Antonieta Mart\u00ednez, indic\u00f3 que \u201cel diagn\u00f3stico permite una l\u00ednea base para conocer los recursos paleontol\u00f3gicos aleda\u00f1os al sendero de interpretaci\u00f3n, para su posterior revisi\u00f3n y evaluaci\u00f3n, con respecto a las conductas de los visitantes u otros factores externos que puedan intervenir en dichos vestigios o f\u00f3siles.\u201d<\/div>\n<div dir=\"auto\"><\/div>\n<\/div>\n<div class=\"o9v6fnle cxmmr5t8 oygrvhab hcukyx3x c1et5uql ii04i59q\">\n<div dir=\"auto\">El Alcalde de la comuna de R\u00edo Hurtado, Gary Valenzuela vaoro este trabajo: \u00abEs el principal atractivo tur\u00edstico que posee la comuna, visitado por miles de personas cada a\u00f1o y el trabajo que hoy se realiza, viene a ratificar el compromiso que tenemos como Municipio junto a Conaf, con quien tenemos un convenio, para proyectar de la mejor manera nuestro Monumento natural y su historia\u00bb.<\/div>\n<div dir=\"auto\"><\/div>\n<\/div>\n<div class=\"o9v6fnle cxmmr5t8 oygrvhab hcukyx3x c1et5uql ii04i59q\">\n<div dir=\"auto\">El resultado final de este catastro a\u00fan est\u00e1 en desarrollo, por lo que no se puede tener certeza de cu\u00e1l ser\u00e1 el estado actual del sendero de interpretaci\u00f3n y de otros sectores con vestigios paleontol\u00f3gicos pertenecientes al \u00e1rea silvestre protegida.<\/div>\n<\/div>\n","protected":false},"excerpt":{"rendered":"<p>El objetivo de realizar un levantamiento de informaci\u00f3n o diagn\u00f3stico inicial sobre objetos de conservaci\u00f3n culturales del sendero de interpretaci\u00f3n que est\u00e1 dentro de las inmediaciones del lugar.<\/p>\n","protected":false},"author":2,"featured_media":4679,"comment_status":"open","ping_status":"open","sticky":false,"template":"","format":"standard","meta":{"footnotes":""},"categories":[3],"tags":[],"class_list":["post-4677","post","type-post","status-publish","format-standard","has-post-thumbnail","hentry","category-actualidad"],"_links":{"self":[{"href":"https:\/\/www.radiolimari.cl\/index.php?rest_route=\/wp\/v2\/posts\/4677","targetHints":{"allow":["GET"]}}],"collection":[{"href":"https:\/\/www.radiolimari.cl\/index.php?rest_route=\/wp\/v2\/posts"}],"about":[{"href":"https:\/\/www.radiolimari.cl\/index.php?rest_route=\/wp\/v2\/types\/post"}],"author":[{"embeddable":true,"href":"https:\/\/www.radiolimari.cl\/index.php?rest_route=\/wp\/v2\/users\/2"}],"replies":[{"embeddable":true,"href":"https:\/\/www.radiolimari.cl\/index.php?rest_route=%2Fwp%2Fv2%2Fcomments&post=4677"}],"version-history":[{"count":1,"href":"https:\/\/www.radiolimari.cl\/index.php?rest_route=\/wp\/v2\/posts\/4677\/revisions"}],"predecessor-version":[{"id":4680,"href":"https:\/\/www.radiolimari.cl\/index.php?rest_route=\/wp\/v2\/posts\/4677\/revisions\/4680"}],"wp:featuredmedia":[{"embeddable":true,"href":"https:\/\/www.radiolimari.cl\/index.php?rest_route=\/wp\/v2\/media\/4679"}],"wp:attachment":[{"href":"https:\/\/www.radiolimari.cl\/index.php?rest_route=%2Fwp%2Fv2%2Fmedia&parent=4677"}],"wp:term":[{"taxonomy":"category","embeddable":true,"href":"https:\/\/www.radiolimari.cl\/index.php?rest_route=%2Fwp%2Fv2%2Fcategories&post=4677"},{"taxonomy":"post_tag","embeddable":true,"href":"https:\/\/www.radiolimari.cl\/index.php?rest_route=%2Fwp%2Fv2%2Ftags&post=4677"}],"curies":[{"name":"wp","href":"https:\/\/api.w.org\/{rel}","templated":true}]}}