{"id":4671,"date":"2021-03-10T23:01:39","date_gmt":"2021-03-10T23:01:39","guid":{"rendered":"http:\/\/www.radiolimari.cl\/?p=4671"},"modified":"2021-03-10T23:01:39","modified_gmt":"2021-03-10T23:01:39","slug":"gobierno-extiende-plazos-de-vigencia-de-ley-de-proteccion-y-aumento-de-beneficios-del-subsidio-al-empleo-para-enfrentar-la-cuarentena","status":"publish","type":"post","link":"https:\/\/www.radiolimari.cl\/?p=4671","title":{"rendered":"Gobierno extiende plazos de vigencia de Ley de Protecci\u00f3n y aumento de beneficios del Subsidio al Empleo para enfrentar la cuarentena"},"content":{"rendered":"<p><a href=\"https:\/\/www.radiolimari.cl\/wp-content\/uploads\/2021\/03\/10.3-trabajo.jpeg\"><img fetchpriority=\"high\" decoding=\"async\" class=\"alignnone size-medium wp-image-4672\" src=\"https:\/\/www.radiolimari.cl\/wp-content\/uploads\/2021\/03\/10.3-trabajo-300x168.jpeg\" alt=\"10.3 trabajo\" width=\"300\" height=\"168\" srcset=\"https:\/\/www.radiolimari.cl\/wp-content\/uploads\/2021\/03\/10.3-trabajo-300x168.jpeg 300w, https:\/\/www.radiolimari.cl\/wp-content\/uploads\/2021\/03\/10.3-trabajo-1024x576.jpeg 1024w, https:\/\/www.radiolimari.cl\/wp-content\/uploads\/2021\/03\/10.3-trabajo.jpeg 1280w\" sizes=\"(max-width: 300px) 100vw, 300px\" \/><\/a><\/p>\n<p><strong><em>Para el Subsidio al Empleo las mejoran comprenden la cobertura como los montos del beneficio con \u00e9nfasis en las mujeres, j\u00f3venes y personas en situaci\u00f3n de discapacidad<\/em><\/strong><!--more--><\/p>\n<p>Mejoras al Subsidio al Empleo y ampliaci\u00f3n de la vigencia de la Ley de Protecci\u00f3n de Empleo, son los anuncios con que el gobierno busca mantener los puestos de trabajo e incentivar a\u00fan m\u00e1s la recuperaci\u00f3n del empleo, en medio de las restricciones que se viven en medio de la pandemia.<\/p>\n<p>Al respecto el intendente Pablo Herman coment\u00f3 que \u201cesta pandemia ha impactado negativamente en los empleos, perdiendo muchas fuentes laborales.\u00a0 Es una situaci\u00f3n que como Gobierno nos hemos empe\u00f1ado en revertir a trav\u00e9s de diversos mecanismos de apoyo para los emprendedores y empresarios. El anuncio de la extensi\u00f3n de la Ley de Protecci\u00f3n del Empleo dada a conocer por el Presidente Pi\u00f1era viene fortalecer este compromiso que tenemos con la protecci\u00f3n del trabajo de los chilenos. Se trata de una herramienta que pone un especial \u00e9nfasis en cuidar el trabajo de las mujeres y j\u00f3venes, promoviendo tambi\u00e9n que ellos se integren al mundo laboral, con estabilidad y seguridad\u201d.<\/p>\n<p>En el Subsidio al Empleo las mejoras comprenden ampliaciones en la cobertura y en los montos de los beneficios tanto para el subsidio en la l\u00ednea Regresa como en la l\u00ednea Contrata, con especial \u00e9nfasis en mujeres, j\u00f3venes y personas con discapacidad, que en la regi\u00f3n de Coquimbo ya supera los 14 mil trabajadores postuladosDe esta manera la l\u00ednea Contrata entrega subsidios de hasta $250 mil por cada trabajador contratado, que se eleva de $270 mil a $290 mil para mujeresj\u00f3venes y personas con capacidades diferentes. Mientras que El subsidio de la l\u00ednea Regresa aumenta de $160 mil a $200 mil por cada trabajador de los grupos mencionados.<\/p>\n<p>En la tradicional Pasteler\u00eda de Coquimbo autoridades regionales dieron a conocer los detalles de los subsidios. Oportunidad que permiti\u00f3 conocer la opini\u00f3n de trabajadores y empleadores respecto a la experiencia de la utilizaci\u00f3n de los beneficios.<\/p>\n<p>Gabriela Rojas, representante de la pasteler\u00eda, expres\u00f3 su satisfacci\u00f3n respecto a la utilizaci\u00f3n de los beneficios y coment\u00f3 que \u201cel subsidio nos ha ayudado much\u00edsimo porque nos ha permitido sobrellevar los efectos de la pandemia, las p\u00e1ginas de postulaci\u00f3n son muy expeditas y f\u00e1cil de postular por los que se agradece este subsidio del gobierno que est\u00e1 ayudando a los peque\u00f1os y medianos empresarios.\u201d<\/p>\n<p>En este sentido el Seremi del Trabajo, Mat\u00edas Villalobos, explic\u00f3 que \u201chemos dado a conocer\u00a0 la extensi\u00f3n de los beneficios del Subsidio al Empleo, porque como Gobierno estamos preocupados de poder recuperar los empleos que se han perdido a ra\u00edz de la pandemia y tambi\u00e9n hemos manifestado la extensi\u00f3n de la ley de Protecci\u00f3n del Empleo, porque pese a la cuarentena los trabajadores deben saber que hay una ley que los cuida y protege para mantener sus puestos de trabajo y recibir ingresos a trav\u00e9s del Seguro de Cesant\u00eda\u201d.<\/p>\n<p>Mientras que Carlos Covarrubias, director regional del Sence, realiz\u00f3 un llamado a que m\u00e1s empleadores hagan uso de la herramienta y dijo que \u201cla invitaci\u00f3n que estamos es a que todos puedan postular, se ha ampliado el plazo de postulaci\u00f3n hasta el 30 de abril con beneficios que se incrementan con particular \u00e9nfasis en las mujeres\u201d.<\/p>\n<p><strong>Ley de Protecci\u00f3n al Empleo<\/strong><\/p>\n<p>Considerando las restricciones sanitarias y el ingreso a Fase de cuarentena en diferentes ciudades del pa\u00eds, el gobierno anunci\u00f3 la extensi\u00f3n de vigencia de la Ley de Protecci\u00f3n del Empleo, la Ley de Crianza Protegida, y de aquella que flexibiliza los requisitos de acceso al Seguro de Cesant\u00eda hasta el pr\u00f3ximo 6 de junio.<\/p>\n<p>\u201cEn nuestra regi\u00f3n son m\u00e1s de 15 mil los trabajadores al alero de la ley de Protecci\u00f3n del Empleo. El objetivo es resguardar los puestos de trabajo y garantizar ingreso a los trabajadores y sus familias\u201d, enfatiz\u00f3 el Seremi del Trabajo.<\/p>\n<p>&nbsp;<\/p>\n","protected":false},"excerpt":{"rendered":"<p>Para el Subsidio al Empleo las mejoran comprenden la cobertura como los montos del beneficio con \u00e9nfasis en las mujeres, j\u00f3venes y personas en situaci\u00f3n de discapacidad<\/p>\n","protected":false},"author":2,"featured_media":4672,"comment_status":"open","ping_status":"open","sticky":false,"template":"","format":"standard","meta":{"footnotes":""},"categories":[6],"tags":[],"class_list":["post-4671","post","type-post","status-publish","format-standard","has-post-thumbnail","hentry","category-regionales"],"_links":{"self":[{"href":"https:\/\/www.radiolimari.cl\/index.php?rest_route=\/wp\/v2\/posts\/4671","targetHints":{"allow":["GET"]}}],"collection":[{"href":"https:\/\/www.radiolimari.cl\/index.php?rest_route=\/wp\/v2\/posts"}],"about":[{"href":"https:\/\/www.radiolimari.cl\/index.php?rest_route=\/wp\/v2\/types\/post"}],"author":[{"embeddable":true,"href":"https:\/\/www.radiolimari.cl\/index.php?rest_route=\/wp\/v2\/users\/2"}],"replies":[{"embeddable":true,"href":"https:\/\/www.radiolimari.cl\/index.php?rest_route=%2Fwp%2Fv2%2Fcomments&post=4671"}],"version-history":[{"count":1,"href":"https:\/\/www.radiolimari.cl\/index.php?rest_route=\/wp\/v2\/posts\/4671\/revisions"}],"predecessor-version":[{"id":4673,"href":"https:\/\/www.radiolimari.cl\/index.php?rest_route=\/wp\/v2\/posts\/4671\/revisions\/4673"}],"wp:featuredmedia":[{"embeddable":true,"href":"https:\/\/www.radiolimari.cl\/index.php?rest_route=\/wp\/v2\/media\/4672"}],"wp:attachment":[{"href":"https:\/\/www.radiolimari.cl\/index.php?rest_route=%2Fwp%2Fv2%2Fmedia&parent=4671"}],"wp:term":[{"taxonomy":"category","embeddable":true,"href":"https:\/\/www.radiolimari.cl\/index.php?rest_route=%2Fwp%2Fv2%2Fcategories&post=4671"},{"taxonomy":"post_tag","embeddable":true,"href":"https:\/\/www.radiolimari.cl\/index.php?rest_route=%2Fwp%2Fv2%2Ftags&post=4671"}],"curies":[{"name":"wp","href":"https:\/\/api.w.org\/{rel}","templated":true}]}}