{"id":4665,"date":"2021-03-09T18:24:25","date_gmt":"2021-03-09T18:24:25","guid":{"rendered":"http:\/\/www.radiolimari.cl\/?p=4665"},"modified":"2021-03-09T18:24:25","modified_gmt":"2021-03-09T18:24:25","slug":"asociacion-de-rayuela-de-ovalle-abrio-las-puertas-de-su-nuevo-centro-deportivo","status":"publish","type":"post","link":"https:\/\/www.radiolimari.cl\/?p=4665","title":{"rendered":"Asociaci\u00f3n de Rayuela de Ovalle abri\u00f3 las puertas de su nuevo centro deportivo"},"content":{"rendered":"<p><a href=\"https:\/\/www.radiolimari.cl\/wp-content\/uploads\/2021\/03\/9.3-Nueva-sede-Rayuela-de-Ovalle.jpg\"><img fetchpriority=\"high\" decoding=\"async\" class=\"alignnone size-medium wp-image-4666\" src=\"https:\/\/www.radiolimari.cl\/wp-content\/uploads\/2021\/03\/9.3-Nueva-sede-Rayuela-de-Ovalle-300x225.jpg\" alt=\"9.3 Nueva sede Rayuela de Ovalle\" width=\"300\" height=\"225\" srcset=\"https:\/\/www.radiolimari.cl\/wp-content\/uploads\/2021\/03\/9.3-Nueva-sede-Rayuela-de-Ovalle-300x225.jpg 300w, https:\/\/www.radiolimari.cl\/wp-content\/uploads\/2021\/03\/9.3-Nueva-sede-Rayuela-de-Ovalle-1024x768.jpg 1024w\" sizes=\"(max-width: 300px) 100vw, 300px\" \/><\/a><\/p>\n<p><strong><em>El recinto cuenta con cuatro canchas reglamentarias y una sede social de 100 metros cuadrados. El proyecto se concret\u00f3 gracias a la inversi\u00f3n que realiz\u00f3 el municipio de Ovalle, con recursos propios, que alcanz\u00f3 los 145 millones de pesos. <\/em><\/strong><!--more--><\/p>\n<p>Como un sue\u00f1o cumplido describieron los rayueleros de Ovalle, la concreci\u00f3n de su nuevo recinto deportivo que contar\u00e1 con una sede social y gimnasio techado con cuatro canchas reglamentarias para el desarrollo de competencias locales y nacionales. Esta obra, que se encuentra en la villa Para\u00edso, se materializ\u00f3 gracias a la inversi\u00f3n que realiz\u00f3 el municipio de Ovalle, con recursos propios, que alcanz\u00f3 los 145 millones de pesos.<\/p>\n<p>Las dependencias de la sede est\u00e1n distribuidas en un \u00e1rea de 100 metros cuadrados y cuenta con un sal\u00f3n de reuniones, oficinas y boleter\u00eda, un \u00e1rea de cocina, servicios higi\u00e9nicos y un sector de estacionamientos de autos y bicicletas.<\/p>\n<p>El gimnasio techado \u201cWaldo Jara Cort\u00e9s\u201d tendr\u00e1 amplios espacios con grader\u00edas y cuatro canchas reglamentarias con los nombres de jugadores locales destacados. La Cancha 1 llevar\u00e1 el nombre de Luis Ernesto Taucare Carvajal, la Cancha 2 se llamar\u00e1 Joel Antonio Cort\u00e9s Araya, la Cancha 3 tendr\u00e1 plasmado el nombre de Samuel Hern\u00e1n Bruna Barraza y la Cancha 4 perpetuar\u00e1 el legado de Juan Bautista Castro Esquivel. El alcalde Claudio Renter\u00eda hizo la inauguraci\u00f3n de las canchas junto a las familias de los jugadores, quienes se mostraron muy emocionados por este homenaje p\u00f3stumo.<\/p>\n<p>Tras la apertura oficial, el presidente de la Asociaci\u00f3n de Rayuela de Ovalle, Waldo Jara Cort\u00e9s indic\u00f3 que para nosotros \u201ces una emoci\u00f3n muy grande, porque contamos con un espacio muy bonito y con todo lo que necesitamos. Me ha tocado ir a muchos torneos nacionales y ninguno se compara con nuestro recinto deportivo. Luchamos mucho por tener nuestro lugar propio y estamos felices de haberlo conseguido con el gran apoyo del municipio\u201d. Por su parte, el secretario de la Federaci\u00f3n Nacional de Rayuela, Sergio Quiroz sostuvo que este campo deportivo \u201ces una maravilla y ojal\u00e1 todas las asociaciones tuvieran dependencias de este tipo, porque en el pa\u00eds son contadas las que poseen centros deportivos de buen nivel y que tienen el apoyo de los alcaldes, \u00a0para el desarrollo de esta disciplina que es un deporte nacional. En Ovalle siempre hemos contado con el apoyo del municipio y por eso realizamos un campeonato nacional y uno juvenil ac\u00e1 en Ovalle\u201d.<\/p>\n<p>El alcalde de Ovalle, Claudio Renter\u00eda mostr\u00f3 su satisfacci\u00f3n por haber materializado esta obra tan esperada por los rayueleros de Ovalle. \u201cMe siento muy orgulloso de que la Asociaci\u00f3n de Rayuela de Ovalle cuente con el centro deportivo que tanto anhelaban. Esta obra es el reflejo del trabajo en conjunto que tuvimos y que dio como resultado este tremendo recinto. Para nosotros es muy positivo, porque recuperamos un sector eriazo y lo convertimos en un espacio para el deporte\u201d.<\/p>\n<p>La Asociaci\u00f3n de Rayuela de Ovalle en conjunto con el municipio de Ovalle ha organizado 27 torneos comunales, 1 Campeonato Nacional Juvenil y 1 Campeonato Nacional Adulto, una importante gesti\u00f3n que refleja el apoyo y el trabajo que se ha venido realizando en los \u00faltimos a\u00f1os para potenciar este deporte en las nuevas generaciones de nuestra comuna.<\/p>\n<p>&nbsp;<\/p>\n","protected":false},"excerpt":{"rendered":"<p>El recinto cuenta con cuatro canchas reglamentarias y una sede social de 100 metros cuadrados. El proyecto se concret\u00f3 gracias a la inversi\u00f3n que realiz\u00f3 el municipio de Ovalle, con recursos propios, que alcanz\u00f3 los 145 millones de pesos.<\/p>\n","protected":false},"author":2,"featured_media":4666,"comment_status":"open","ping_status":"open","sticky":false,"template":"","format":"standard","meta":{"footnotes":""},"categories":[5],"tags":[],"class_list":["post-4665","post","type-post","status-publish","format-standard","has-post-thumbnail","hentry","category-actualidad-limarina"],"_links":{"self":[{"href":"https:\/\/www.radiolimari.cl\/index.php?rest_route=\/wp\/v2\/posts\/4665","targetHints":{"allow":["GET"]}}],"collection":[{"href":"https:\/\/www.radiolimari.cl\/index.php?rest_route=\/wp\/v2\/posts"}],"about":[{"href":"https:\/\/www.radiolimari.cl\/index.php?rest_route=\/wp\/v2\/types\/post"}],"author":[{"embeddable":true,"href":"https:\/\/www.radiolimari.cl\/index.php?rest_route=\/wp\/v2\/users\/2"}],"replies":[{"embeddable":true,"href":"https:\/\/www.radiolimari.cl\/index.php?rest_route=%2Fwp%2Fv2%2Fcomments&post=4665"}],"version-history":[{"count":1,"href":"https:\/\/www.radiolimari.cl\/index.php?rest_route=\/wp\/v2\/posts\/4665\/revisions"}],"predecessor-version":[{"id":4667,"href":"https:\/\/www.radiolimari.cl\/index.php?rest_route=\/wp\/v2\/posts\/4665\/revisions\/4667"}],"wp:featuredmedia":[{"embeddable":true,"href":"https:\/\/www.radiolimari.cl\/index.php?rest_route=\/wp\/v2\/media\/4666"}],"wp:attachment":[{"href":"https:\/\/www.radiolimari.cl\/index.php?rest_route=%2Fwp%2Fv2%2Fmedia&parent=4665"}],"wp:term":[{"taxonomy":"category","embeddable":true,"href":"https:\/\/www.radiolimari.cl\/index.php?rest_route=%2Fwp%2Fv2%2Fcategories&post=4665"},{"taxonomy":"post_tag","embeddable":true,"href":"https:\/\/www.radiolimari.cl\/index.php?rest_route=%2Fwp%2Fv2%2Ftags&post=4665"}],"curies":[{"name":"wp","href":"https:\/\/api.w.org\/{rel}","templated":true}]}}