{"id":4661,"date":"2021-03-08T14:21:55","date_gmt":"2021-03-08T14:21:55","guid":{"rendered":"http:\/\/www.radiolimari.cl\/?p=4661"},"modified":"2021-03-09T18:44:34","modified_gmt":"2021-03-09T18:44:34","slug":"dia-internacional-de-la-mujer","status":"publish","type":"post","link":"https:\/\/www.radiolimari.cl\/?p=4661","title":{"rendered":"DIA INTERNACIONAL DE LA MUJER"},"content":{"rendered":"<p><a href=\"https:\/\/www.radiolimari.cl\/wp-content\/uploads\/2021\/03\/dia-internacional-de-la-mujer.jpg\"><img decoding=\"async\" class=\"alignnone size-medium wp-image-4662\" src=\"https:\/\/www.radiolimari.cl\/wp-content\/uploads\/2021\/03\/dia-internacional-de-la-mujer-300x163.jpg\" alt=\"dia internacional de la mujer\" width=\"300\" height=\"163\" srcset=\"https:\/\/www.radiolimari.cl\/wp-content\/uploads\/2021\/03\/dia-internacional-de-la-mujer-300x163.jpg 300w, https:\/\/www.radiolimari.cl\/wp-content\/uploads\/2021\/03\/dia-internacional-de-la-mujer-1024x558.jpg 1024w, https:\/\/www.radiolimari.cl\/wp-content\/uploads\/2021\/03\/dia-internacional-de-la-mujer.jpg 1275w\" sizes=\"(max-width: 300px) 100vw, 300px\" \/><\/a><\/p>\n<p><!--more--><\/p>\n<div class=\"o9v6fnle cxmmr5t8 oygrvhab hcukyx3x c1et5uql ii04i59q\">\n<div dir=\"auto\"><span style=\"color: #050505;\">Hoy se conmemora el D\u00eda Internacional de la Mujer, una fecha que recuerda a toda la sociedad las luchas femeninas por obtener mejores condiciones laborales.<\/span><\/div>\n<div dir=\"auto\"><\/div>\n<div dir=\"auto\">Hoy Radio Limar\u00ed de Ovalle, reconoce y agradece la labor de cada una de ustedes.<\/div>\n<\/div>\n<div class=\"o9v6fnle cxmmr5t8 oygrvhab hcukyx3x c1et5uql ii04i59q\">\n<div dir=\"auto\">Este d\u00eda nos recuerda que tenemos que avanzar en el logro de mayores espacios de igualdad para las mujeres y tenemos que dar el empe\u00f1o de dar pasos en ese sentido.<\/div>\n<div dir=\"auto\"><\/div>\n<\/div>\n<div class=\"o9v6fnle cxmmr5t8 oygrvhab hcukyx3x c1et5uql ii04i59q\">\n<div dir=\"auto\">Todos y todas hemos nacido de una madre y ese solo hecho demuestra el valor social y humano de la condici\u00f3n de las mujeres; pero, m\u00e1s all\u00e1 de eso, los modos en que lo femenino se inserta en el mundo demuestra que sin sus aportes igualitarios, en las m\u00e1s variadas gamas de la vida no habr\u00e1 un desarrollo equilibrado y justo.<\/div>\n<div dir=\"auto\"><\/div>\n<\/div>\n<div class=\"o9v6fnle cxmmr5t8 oygrvhab hcukyx3x c1et5uql ii04i59q\">\n<div dir=\"auto\">Les saludamos en este d\u00eda con afecto y respeto por sus b\u00fasquedas, sus luchas y sus logros.<\/div>\n<div dir=\"auto\"><\/div>\n<\/div>\n<div class=\"o9v6fnle cxmmr5t8 oygrvhab hcukyx3x c1et5uql ii04i59q\">\n<div dir=\"auto\">con Afecto de <a class=\"oajrlxb2 g5ia77u1 qu0x051f esr5mh6w e9989ue4 r7d6kgcz rq0escxv nhd2j8a9 nc684nl6 p7hjln8o kvgmc6g5 cxmmr5t8 oygrvhab hcukyx3x jb3vyjys rz4wbd8a qt6c0cv9 a8nywdso i1ao9s8h esuyzwwr f1sip0of lzcic4wl py34i1dx gpro0wi8\" style=\"color: var(--blue-link);\" tabindex=\"0\" href=\"https:\/\/www.radiolimari.cl\/?fbclid=IwAR3yWfhqikXaQ9rFsYBeUphLbJ2Kqpf2Dox3adHXqToETUtiY8Zzs9GIT1g\" target=\"_blank\" rel=\"nofollow noopener\">www.radiolimari.cl<\/a><\/div>\n<\/div>\n","protected":false},"excerpt":{"rendered":"","protected":false},"author":2,"featured_media":4662,"comment_status":"open","ping_status":"open","sticky":false,"template":"","format":"standard","meta":{"footnotes":""},"categories":[5],"tags":[],"class_list":["post-4661","post","type-post","status-publish","format-standard","has-post-thumbnail","hentry","category-actualidad-limarina"],"_links":{"self":[{"href":"https:\/\/www.radiolimari.cl\/index.php?rest_route=\/wp\/v2\/posts\/4661","targetHints":{"allow":["GET"]}}],"collection":[{"href":"https:\/\/www.radiolimari.cl\/index.php?rest_route=\/wp\/v2\/posts"}],"about":[{"href":"https:\/\/www.radiolimari.cl\/index.php?rest_route=\/wp\/v2\/types\/post"}],"author":[{"embeddable":true,"href":"https:\/\/www.radiolimari.cl\/index.php?rest_route=\/wp\/v2\/users\/2"}],"replies":[{"embeddable":true,"href":"https:\/\/www.radiolimari.cl\/index.php?rest_route=%2Fwp%2Fv2%2Fcomments&post=4661"}],"version-history":[{"count":2,"href":"https:\/\/www.radiolimari.cl\/index.php?rest_route=\/wp\/v2\/posts\/4661\/revisions"}],"predecessor-version":[{"id":4664,"href":"https:\/\/www.radiolimari.cl\/index.php?rest_route=\/wp\/v2\/posts\/4661\/revisions\/4664"}],"wp:featuredmedia":[{"embeddable":true,"href":"https:\/\/www.radiolimari.cl\/index.php?rest_route=\/wp\/v2\/media\/4662"}],"wp:attachment":[{"href":"https:\/\/www.radiolimari.cl\/index.php?rest_route=%2Fwp%2Fv2%2Fmedia&parent=4661"}],"wp:term":[{"taxonomy":"category","embeddable":true,"href":"https:\/\/www.radiolimari.cl\/index.php?rest_route=%2Fwp%2Fv2%2Fcategories&post=4661"},{"taxonomy":"post_tag","embeddable":true,"href":"https:\/\/www.radiolimari.cl\/index.php?rest_route=%2Fwp%2Fv2%2Ftags&post=4661"}],"curies":[{"name":"wp","href":"https:\/\/api.w.org\/{rel}","templated":true}]}}